{"id":430,"date":"2017-10-07T22:33:40","date_gmt":"2017-10-07T20:33:40","guid":{"rendered":"http:\/\/neuehomepage.skiverein-luetzel.de\/?p=430"},"modified":"2020-02-09T14:36:16","modified_gmt":"2020-02-09T13:36:16","slug":"stadtmeisterschaft-ski-alpin-und-nordisch-vereinsmeisterschaftswertung-sv-luetzel","status":"publish","type":"post","link":"https:\/\/www.skiverein-luetzel.de\/?p=430","title":{"rendered":"Stadtmeisterschaft Ski Alpin und Nordisch (Vereinsmeisterschaftswertung SV L\u00fctzel)"},"content":{"rendered":"\t\t<div data-elementor-type=\"wp-post\" data-elementor-id=\"430\" class=\"elementor elementor-430\">\n\t\t\t\t\t\t<section class=\"elementor-section elementor-top-section elementor-element elementor-element-3563739f elementor-section-boxed elementor-section-height-default elementor-section-height-default\" data-id=\"3563739f\" data-element_type=\"section\">\n\t\t\t\t\t\t<div class=\"elementor-container elementor-column-gap-default\">\n\t\t\t\t\t<div class=\"elementor-column elementor-col-100 elementor-top-column elementor-element elementor-element-3b68cc22\" data-id=\"3b68cc22\" data-element_type=\"column\">\n\t\t\t<div class=\"elementor-widget-wrap elementor-element-populated\">\n\t\t\t\t\t\t<div class=\"elementor-element elementor-element-46c0b8b2 elementor-widget elementor-widget-heading\" data-id=\"46c0b8b2\" data-element_type=\"widget\" data-widget_type=\"heading.default\">\n\t\t\t\t<div class=\"elementor-widget-container\">\n\t\t\t<h2 class=\"elementor-heading-title elementor-size-default\">Offene Westdeutsche Meisterschaft Rollski Flachstrecke &  L\u00fctzeler Rollski-Bergsprint<\/h2>\t\t<\/div>\n\t\t\t\t<\/div>\n\t\t\t\t<div class=\"elementor-element elementor-element-3ae18cd1 elementor-widget elementor-widget-text-editor\" data-id=\"3ae18cd1\" data-element_type=\"widget\" data-widget_type=\"text-editor.default\">\n\t\t\t\t<div class=\"elementor-widget-container\">\n\t\t\t\t\t\t\t<h6>am 07.Oktober 2017\u00a0<\/h6>\t\t\t\t\t\t<\/div>\n\t\t\t\t<\/div>\n\t\t\t\t\t<\/div>\n\t\t<\/div>\n\t\t\t\t\t<\/div>\n\t\t<\/section>\n\t\t\t\t<section class=\"elementor-section elementor-top-section elementor-element elementor-element-31c3683f elementor-section-boxed elementor-section-height-default elementor-section-height-default\" data-id=\"31c3683f\" data-element_type=\"section\">\n\t\t\t\t\t\t<div class=\"elementor-container elementor-column-gap-default\">\n\t\t\t\t\t<div class=\"elementor-column elementor-col-100 elementor-top-column elementor-element elementor-element-664470c4\" data-id=\"664470c4\" data-element_type=\"column\">\n\t\t\t<div class=\"elementor-widget-wrap elementor-element-populated\">\n\t\t\t\t\t\t\t<\/div>\n\t\t<\/div>\n\t\t\t\t\t<\/div>\n\t\t<\/section>\n\t\t\t\t<section class=\"elementor-section elementor-top-section elementor-element elementor-element-54d5d22b elementor-section-boxed elementor-section-height-default elementor-section-height-default\" data-id=\"54d5d22b\" data-element_type=\"section\">\n\t\t\t\t\t\t<div class=\"elementor-container elementor-column-gap-default\">\n\t\t\t\t\t<div class=\"elementor-column elementor-col-100 elementor-top-column elementor-element elementor-element-380a8e80\" data-id=\"380a8e80\" data-element_type=\"column\">\n\t\t\t<div class=\"elementor-widget-wrap elementor-element-populated\">\n\t\t\t\t\t\t<div class=\"elementor-element elementor-element-77e3b157 elementor-widget elementor-widget-text-editor\" data-id=\"77e3b157\" data-element_type=\"widget\" data-widget_type=\"text-editor.default\">\n\t\t\t\t<div class=\"elementor-widget-container\">\n\t\t\t\t\t\t\t<table style=\"border-collapse: collapse; width: 100%;\" border=\"1\">\n<tbody>\n<tr>\n<td style=\"width: 49.944%;\">Veranstalter:<\/td>\n<td style=\"width: 50%;\">Westdeutscher Skiverband WSV<\/td>\n<\/tr>\n<tr>\n<td style=\"width: 49.944%;\">Ausrichter:<\/td>\n<td style=\"width: 50%;\">Skiverein L&uuml;tzel<\/td>\n<\/tr>\n<tr>\n<td style=\"width: 49.944%;\">Gesamtleitung:<\/td>\n<td style=\"width: 50%;\">Helmut Treude<\/td>\n<\/tr>\n<tr>\n<td style=\"width: 49.944%;\">Zeitnahme:<\/td>\n<td style=\"width: 50%;\">Karsten Afflerbach \/ David W&ouml;rster<\/td>\n<\/tr>\n<\/tbody>\n<\/table>\t\t\t\t\t\t<\/div>\n\t\t\t\t<\/div>\n\t\t\t\t\t<\/div>\n\t\t<\/div>\n\t\t\t\t\t<\/div>\n\t\t<\/section>\n\t\t\t\t<section class=\"elementor-section elementor-top-section elementor-element elementor-element-52b980a6 elementor-section-boxed elementor-section-height-default elementor-section-height-default\" data-id=\"52b980a6\" data-element_type=\"section\">\n\t\t\t\t\t\t<div class=\"elementor-container elementor-column-gap-default\">\n\t\t\t\t\t<div class=\"elementor-column elementor-col-50 elementor-top-column elementor-element elementor-element-527600a8\" data-id=\"527600a8\" data-element_type=\"column\">\n\t\t\t<div class=\"elementor-widget-wrap elementor-element-populated\">\n\t\t\t\t\t\t<div class=\"elementor-element elementor-element-760f12ba elementor-widget elementor-widget-text-editor\" data-id=\"760f12ba\" data-element_type=\"widget\" data-widget_type=\"text-editor.default\">\n\t\t\t\t<div class=\"elementor-widget-container\">\n\t\t\t\t\t\t\t<h5>Meldung:<\/h5>\t\t\t\t\t\t<\/div>\n\t\t\t\t<\/div>\n\t\t\t\t\t<\/div>\n\t\t<\/div>\n\t\t\t\t<div class=\"elementor-column elementor-col-50 elementor-top-column elementor-element elementor-element-50313abe\" data-id=\"50313abe\" data-element_type=\"column\">\n\t\t\t<div class=\"elementor-widget-wrap elementor-element-populated\">\n\t\t\t\t\t\t<div class=\"elementor-element elementor-element-5bca323e elementor-widget elementor-widget-text-editor\" data-id=\"5bca323e\" data-element_type=\"widget\" data-widget_type=\"text-editor.default\">\n\t\t\t\t<div class=\"elementor-widget-container\">\n\t\t\t\t\t\t\t<p>Bitte schriftlich unter Angabe von Verein, Name, Vorname, Jahrgang und Geschlecht bis Mittwoch, den 04.10. 2017, 18.00 Uhr an:<\/p><p>Karsten Afflerbach<br \/>Ahornweg 6<br \/>57271 Hilchenbach<br \/>Fax. 02733\/286050<br \/>e-mail: webmaster@skiverein-luetzel.de<br \/><a href=\"mailto:karsten.afflerbach@skiverein-luetzel.de\">karsten.afflerbach@skiverein-luetzel.de<\/a><\/p>\t\t\t\t\t\t<\/div>\n\t\t\t\t<\/div>\n\t\t\t\t\t<\/div>\n\t\t<\/div>\n\t\t\t\t\t<\/div>\n\t\t<\/section>\n\t\t\t\t<section class=\"elementor-section elementor-top-section elementor-element elementor-element-1a6ad490 elementor-section-boxed elementor-section-height-default elementor-section-height-default\" data-id=\"1a6ad490\" data-element_type=\"section\">\n\t\t\t\t\t\t<div class=\"elementor-container elementor-column-gap-default\">\n\t\t\t\t\t<div class=\"elementor-column elementor-col-50 elementor-top-column elementor-element elementor-element-6eb8b63f\" data-id=\"6eb8b63f\" data-element_type=\"column\">\n\t\t\t<div class=\"elementor-widget-wrap elementor-element-populated\">\n\t\t\t\t\t\t<div class=\"elementor-element elementor-element-6ed8e04e elementor-widget elementor-widget-text-editor\" data-id=\"6ed8e04e\" data-element_type=\"widget\" data-widget_type=\"text-editor.default\">\n\t\t\t\t<div class=\"elementor-widget-container\">\n\t\t\t\t\t\t\t<h5>Startgeld:<\/h5>\t\t\t\t\t\t<\/div>\n\t\t\t\t<\/div>\n\t\t\t\t\t<\/div>\n\t\t<\/div>\n\t\t\t\t<div class=\"elementor-column elementor-col-50 elementor-top-column elementor-element elementor-element-4fb4c643\" data-id=\"4fb4c643\" data-element_type=\"column\">\n\t\t\t<div class=\"elementor-widget-wrap elementor-element-populated\">\n\t\t\t\t\t\t<div class=\"elementor-element elementor-element-33e1acd5 elementor-widget elementor-widget-text-editor\" data-id=\"33e1acd5\" data-element_type=\"widget\" data-widget_type=\"text-editor.default\">\n\t\t\t\t<div class=\"elementor-widget-container\">\n\t\t\t\t\t\t\t<p>Sch\u00fcler \/ Jugend\u00a0 \u00a0 \u00a0 \u00a0 \u00a0 \u00a0 4,00 \u20ac<br \/>Junioren\u00a0 \u00a0 \u00a0 \u00a0 \u00a0 \u00a0 \u00a0 \u00a0 \u00a0 \u00a0 \u00a0 \u00a0 \u00a0 \u00a05,00 \u20ac<br \/>Damen und Herren\u00a0 \u00a0 \u00a0 \u00a06,00 \u20ac<\/p>\t\t\t\t\t\t<\/div>\n\t\t\t\t<\/div>\n\t\t\t\t\t<\/div>\n\t\t<\/div>\n\t\t\t\t\t<\/div>\n\t\t<\/section>\n\t\t\t\t<section class=\"elementor-section elementor-top-section elementor-element elementor-element-a60cc0b elementor-section-boxed elementor-section-height-default elementor-section-height-default\" data-id=\"a60cc0b\" data-element_type=\"section\">\n\t\t\t\t\t\t<div class=\"elementor-container elementor-column-gap-default\">\n\t\t\t\t\t<div class=\"elementor-column elementor-col-50 elementor-top-column elementor-element elementor-element-178ac4e\" data-id=\"178ac4e\" data-element_type=\"column\">\n\t\t\t<div class=\"elementor-widget-wrap elementor-element-populated\">\n\t\t\t\t\t\t<div class=\"elementor-element elementor-element-a668822 elementor-widget elementor-widget-text-editor\" data-id=\"a668822\" data-element_type=\"widget\" data-widget_type=\"text-editor.default\">\n\t\t\t\t<div class=\"elementor-widget-container\">\n\t\t\t\t\t\t\t<h5>Haftung:<\/h5>\t\t\t\t\t\t<\/div>\n\t\t\t\t<\/div>\n\t\t\t\t\t<\/div>\n\t\t<\/div>\n\t\t\t\t<div class=\"elementor-column elementor-col-50 elementor-top-column elementor-element elementor-element-40e2fde\" data-id=\"40e2fde\" data-element_type=\"column\">\n\t\t\t<div class=\"elementor-widget-wrap elementor-element-populated\">\n\t\t\t\t\t\t<div class=\"elementor-element elementor-element-c934485 elementor-widget elementor-widget-text-editor\" data-id=\"c934485\" data-element_type=\"widget\" data-widget_type=\"text-editor.default\">\n\t\t\t\t<div class=\"elementor-widget-container\">\n\t\t\t\t\t\t\t<p>Der Westdeutsche Skiverband und der SV L\u00fctzel e.V. sowie alle Personen, die mit der Durchf\u00fchrung der Veranstaltung betraut sind, <strong>lehnen jegliche Haftung bei Unf\u00e4llen aller Art ab<\/strong>.<\/p><p>F\u00fcr den Fall meiner Teilnahmen an hier genannten Wettbewerb, erkenne ich den Haftungsausschluss der Veranstalter, sowie aller Personen, die mit der Durchf\u00fchrung der Veranstaltung betraut sind, f\u00fcr Sch\u00e4den jeder Art an.<\/p><p>Au\u00dferdem bin dar\u00fcber informiert, dass f\u00fcr die Teilnahme an diesem Wettbewerben das Tragen eine Schutzhelms Bedingung ist. Ich werde weder gegen die Veranstalter und Sponsoren des Wettbewerbs, noch dessen Vertreter, Anspr\u00fcche wegen Sch\u00e4den und Verletzungen jeder Art gelten machen, die mir durch meine Teilnahme am Wettbewerb entstehen k\u00f6nnen.<\/p><p>Ich erkl\u00e4re dass ich f\u00fcr die Teilnahme an dem Wettbewerb ausreichend trainiert habe und k\u00f6rperlich gesund bin. Ich best\u00e4tige, dass die in meiner Anmeldung angegebenen Daten korrekt sind und bin damit einverstanden, dass die mit meiner Teilnahme am Lauf gemachten Fotos, Filmaufnahmen und Interviews in den Medien ohne Verg\u00fctungsanspr\u00fcche meinerseits genutzt werden d\u00fcrfen.<\/p><p><span style=\"text-decoration: underline;\">Jeder Teilnehmer erkennt durch die Abgabe seiner Meldung den<\/span><br \/><span style=\"text-decoration: underline;\">Haftungsausschluss und die Wettkampfordnung an. <\/span><\/p><p>\u00a0<\/p>\t\t\t\t\t\t<\/div>\n\t\t\t\t<\/div>\n\t\t\t\t\t<\/div>\n\t\t<\/div>\n\t\t\t\t\t<\/div>\n\t\t<\/section>\n\t\t\t\t<section class=\"elementor-section elementor-top-section elementor-element elementor-element-6766cf9 elementor-section-boxed elementor-section-height-default elementor-section-height-default\" data-id=\"6766cf9\" data-element_type=\"section\">\n\t\t\t\t\t\t<div class=\"elementor-container elementor-column-gap-default\">\n\t\t\t\t\t<div class=\"elementor-column elementor-col-50 elementor-top-column elementor-element elementor-element-889a907\" data-id=\"889a907\" data-element_type=\"column\">\n\t\t\t<div class=\"elementor-widget-wrap elementor-element-populated\">\n\t\t\t\t\t\t<div class=\"elementor-element elementor-element-eb4d300 elementor-widget elementor-widget-text-editor\" data-id=\"eb4d300\" data-element_type=\"widget\" data-widget_type=\"text-editor.default\">\n\t\t\t\t<div class=\"elementor-widget-container\">\n\t\t\t\t\t\t\t<h5>Sicherheit:<\/h5>\t\t\t\t\t\t<\/div>\n\t\t\t\t<\/div>\n\t\t\t\t\t<\/div>\n\t\t<\/div>\n\t\t\t\t<div class=\"elementor-column elementor-col-50 elementor-top-column elementor-element elementor-element-6845661\" data-id=\"6845661\" data-element_type=\"column\">\n\t\t\t<div class=\"elementor-widget-wrap elementor-element-populated\">\n\t\t\t\t\t\t<div class=\"elementor-element elementor-element-eda474d elementor-widget elementor-widget-text-editor\" data-id=\"eda474d\" data-element_type=\"widget\" data-widget_type=\"text-editor.default\">\n\t\t\t\t<div class=\"elementor-widget-container\">\n\t\t\t\t\t\t\t<p>Helm- und Brillenpflicht! Kein Start ohne Helm und Brille!<\/p>\t\t\t\t\t\t<\/div>\n\t\t\t\t<\/div>\n\t\t\t\t\t<\/div>\n\t\t<\/div>\n\t\t\t\t\t<\/div>\n\t\t<\/section>\n\t\t\t\t<section class=\"elementor-section elementor-top-section elementor-element elementor-element-4669f04 elementor-section-boxed elementor-section-height-default elementor-section-height-default\" data-id=\"4669f04\" data-element_type=\"section\">\n\t\t\t\t\t\t<div class=\"elementor-container elementor-column-gap-default\">\n\t\t\t\t\t<div class=\"elementor-column elementor-col-50 elementor-top-column elementor-element elementor-element-b2a172f\" data-id=\"b2a172f\" data-element_type=\"column\">\n\t\t\t<div class=\"elementor-widget-wrap elementor-element-populated\">\n\t\t\t\t\t\t<div class=\"elementor-element elementor-element-847e78e elementor-widget elementor-widget-text-editor\" data-id=\"847e78e\" data-element_type=\"widget\" data-widget_type=\"text-editor.default\">\n\t\t\t\t<div class=\"elementor-widget-container\">\n\t\t\t\t\t\t\t<h5>Anfahrt:<\/h5>\t\t\t\t\t\t<\/div>\n\t\t\t\t<\/div>\n\t\t\t\t\t<\/div>\n\t\t<\/div>\n\t\t\t\t<div class=\"elementor-column elementor-col-50 elementor-top-column elementor-element elementor-element-1516244\" data-id=\"1516244\" data-element_type=\"column\">\n\t\t\t<div class=\"elementor-widget-wrap elementor-element-populated\">\n\t\t\t\t\t\t<div class=\"elementor-element elementor-element-acbc607 elementor-widget elementor-widget-text-editor\" data-id=\"acbc607\" data-element_type=\"widget\" data-widget_type=\"text-editor.default\">\n\t\t\t\t<div class=\"elementor-widget-container\">\n\t\t\t\t\t\t\t<p><strong>Hilchenbach-L\u00fctzel (Spedition Pickhan \/ Alte Schule)<\/strong><\/p><p>BAB 45 Ausfahrt Siegen<br \/>\u00a0 \u00a0 \u00a0 \u00a0 \u00a0 \u00a0 \u00a0 \u00a0 \u00a0 \u00a0 \u00a0Richtung Kreuztal \/ Netphen B54 \/ B62.<br \/>B54 (Schnellstra\u00dfe)<br \/>\u00a0 \u00a0 \u00a0 \u00a0 \u00a0 \u00a0 \u00a0 \u00a0 \u00a0 \u00a0 Richtung Netphen B62<br \/>B62 bis L\u00fctzel folgen<br \/>\u00a0 \u00a0 \u00a0 \u00a0 \u00a0 \u00a0 \u00a0 \u00a0 \u00a0 \u00a0 L\u00fctzel Spedition Pikan (Massenstart), Alte Schule (Sprint)<\/p>\t\t\t\t\t\t<\/div>\n\t\t\t\t<\/div>\n\t\t\t\t\t<\/div>\n\t\t<\/div>\n\t\t\t\t\t<\/div>\n\t\t<\/section>\n\t\t\t\t<section class=\"elementor-section elementor-top-section elementor-element elementor-element-c78b5d0 elementor-section-boxed elementor-section-height-default elementor-section-height-default\" data-id=\"c78b5d0\" data-element_type=\"section\">\n\t\t\t\t\t\t<div class=\"elementor-container elementor-column-gap-default\">\n\t\t\t\t\t<div class=\"elementor-column elementor-col-50 elementor-top-column elementor-element elementor-element-32d831b\" data-id=\"32d831b\" data-element_type=\"column\">\n\t\t\t<div class=\"elementor-widget-wrap elementor-element-populated\">\n\t\t\t\t\t\t<div class=\"elementor-element elementor-element-21380fa elementor-widget elementor-widget-text-editor\" data-id=\"21380fa\" data-element_type=\"widget\" data-widget_type=\"text-editor.default\">\n\t\t\t\t<div class=\"elementor-widget-container\">\n\t\t\t\t\t\t\t<h5>Ausk\u00fcnfte:<\/h5>\t\t\t\t\t\t<\/div>\n\t\t\t\t<\/div>\n\t\t\t\t\t<\/div>\n\t\t<\/div>\n\t\t\t\t<div class=\"elementor-column elementor-col-50 elementor-top-column elementor-element elementor-element-317ac44\" data-id=\"317ac44\" data-element_type=\"column\">\n\t\t\t<div class=\"elementor-widget-wrap elementor-element-populated\">\n\t\t\t\t\t\t<div class=\"elementor-element elementor-element-a39c016 elementor-widget elementor-widget-text-editor\" data-id=\"a39c016\" data-element_type=\"widget\" data-widget_type=\"text-editor.default\">\n\t\t\t\t<div class=\"elementor-widget-container\">\n\t\t\t\t\t\t\t<p>Helmut Treude, In den Eichen 8, 57271 Hilchenbach,<br \/>Tel.: 0171 \/ 3104364<\/p>\t\t\t\t\t\t<\/div>\n\t\t\t\t<\/div>\n\t\t\t\t\t<\/div>\n\t\t<\/div>\n\t\t\t\t\t<\/div>\n\t\t<\/section>\n\t\t\t\t<section class=\"elementor-section elementor-top-section elementor-element elementor-element-5a88644 elementor-section-boxed elementor-section-height-default elementor-section-height-default\" data-id=\"5a88644\" data-element_type=\"section\">\n\t\t\t\t\t\t<div class=\"elementor-container elementor-column-gap-default\">\n\t\t\t\t\t<div class=\"elementor-column elementor-col-100 elementor-top-column elementor-element elementor-element-ac763e9\" data-id=\"ac763e9\" data-element_type=\"column\">\n\t\t\t<div class=\"elementor-widget-wrap elementor-element-populated\">\n\t\t\t\t\t\t<div class=\"elementor-element elementor-element-cbd6a47 elementor-widget elementor-widget-text-editor\" data-id=\"cbd6a47\" data-element_type=\"widget\" data-widget_type=\"text-editor.default\">\n\t\t\t\t<div class=\"elementor-widget-container\">\n\t\t\t\t\t\t\t<h6>Al<b>le weiteren Informationen k\u00f6nnt ihr der offiziellen Ausschreibung entnehmen.<\/b><\/h6><h6><b><a href=\"http:\/\/neuehomepage.skiverein-luetzel.de\/wp-content\/uploads\/2019\/11\/Westdeutsche-Meisterschaft2017.pdf\">Ausschreibung im PDF-Format<\/a><\/b><\/h6>\t\t\t\t\t\t<\/div>\n\t\t\t\t<\/div>\n\t\t\t\t\t<\/div>\n\t\t<\/div>\n\t\t\t\t\t<\/div>\n\t\t<\/section>\n\t\t\t\t<section class=\"elementor-section elementor-top-section elementor-element elementor-element-25f6afd5 elementor-section-boxed elementor-section-height-default elementor-section-height-default\" data-id=\"25f6afd5\" data-element_type=\"section\">\n\t\t\t\t\t\t<div class=\"elementor-container elementor-column-gap-default\">\n\t\t\t\t\t<div class=\"elementor-column elementor-col-100 elementor-top-column elementor-element elementor-element-6abd5fdf\" data-id=\"6abd5fdf\" data-element_type=\"column\">\n\t\t\t<div class=\"elementor-widget-wrap elementor-element-populated\">\n\t\t\t\t\t\t<div class=\"elementor-element elementor-element-71ccac7e elementor-widget elementor-widget-text-editor\" data-id=\"71ccac7e\" data-element_type=\"widget\" data-widget_type=\"text-editor.default\">\n\t\t\t\t<div class=\"elementor-widget-container\">\n\t\t\t\t\t\t\t<h6><strong>Weiter Informationen\u00a0<\/strong><\/h6><h6><a href=\"http:\/\/neuehomepage.skiverein-luetzel.de\/wp-content\/uploads\/2019\/11\/Westdeutsche-Meisterschaft2017ErgebnisFlach.pdf\">Ergebnisliste\u00a0 Flachstrecke<\/a><\/h6><h6><a href=\"http:\/\/neuehomepage.skiverein-luetzel.de\/wp-content\/uploads\/2019\/11\/Westdeutsche-Meisterschaft2017ErgebnisBerg.pdf\">Ergebnis Bergsprint<\/a><\/h6><h6>\u00a0<\/h6>\t\t\t\t\t\t<\/div>\n\t\t\t\t<\/div>\n\t\t\t\t\t<\/div>\n\t\t<\/div>\n\t\t\t\t\t<\/div>\n\t\t<\/section>\n\t\t\t\t<\/div>\n\t\t","protected":false},"excerpt":{"rendered":"<p>Offene Westdeutsche Meisterschaft Rollski Flachstrecke &amp; L\u00fctzeler Rollski-Bergsprint am 07.Oktober 2017&nbsp; Veranstalter: Westdeutscher Skiverband WSV Ausrichter: Skiverein L\u00fctzel Gesamtleitung: Helmut<\/p>\n","protected":false},"author":4,"featured_media":442,"comment_status":"closed","ping_status":"open","sticky":false,"template":"","format":"standard","meta":{"footnotes":""},"categories":[9],"tags":[],"class_list":["post-430","post","type-post","status-publish","format-standard","has-post-thumbnail","hentry","category-wettkaempfe"],"_links":{"self":[{"href":"https:\/\/www.skiverein-luetzel.de\/index.php?rest_route=\/wp\/v2\/posts\/430","targetHints":{"allow":["GET"]}}],"collection":[{"href":"https:\/\/www.skiverein-luetzel.de\/index.php?rest_route=\/wp\/v2\/posts"}],"about":[{"href":"https:\/\/www.skiverein-luetzel.de\/index.php?rest_route=\/wp\/v2\/types\/post"}],"author":[{"embeddable":true,"href":"https:\/\/www.skiverein-luetzel.de\/index.php?rest_route=\/wp\/v2\/users\/4"}],"replies":[{"embeddable":true,"href":"https:\/\/www.skiverein-luetzel.de\/index.php?rest_route=%2Fwp%2Fv2%2Fcomments&post=430"}],"version-history":[{"count":0,"href":"https:\/\/www.skiverein-luetzel.de\/index.php?rest_route=\/wp\/v2\/posts\/430\/revisions"}],"wp:featuredmedia":[{"embeddable":true,"href":"https:\/\/www.skiverein-luetzel.de\/index.php?rest_route=\/wp\/v2\/media\/442"}],"wp:attachment":[{"href":"https:\/\/www.skiverein-luetzel.de\/index.php?rest_route=%2Fwp%2Fv2%2Fmedia&parent=430"}],"wp:term":[{"taxonomy":"category","embeddable":true,"href":"https:\/\/www.skiverein-luetzel.de\/index.php?rest_route=%2Fwp%2Fv2%2Fcategories&post=430"},{"taxonomy":"post_tag","embeddable":true,"href":"https:\/\/www.skiverein-luetzel.de\/index.php?rest_route=%2Fwp%2Fv2%2Ftags&post=430"}],"curies":[{"name":"wp","href":"https:\/\/api.w.org\/{rel}","templated":true}]}}