{"id":403,"date":"2018-06-30T20:40:07","date_gmt":"2018-06-30T18:40:07","guid":{"rendered":"http:\/\/neuehomepage.skiverein-luetzel.de\/?p=403"},"modified":"2020-02-09T14:36:29","modified_gmt":"2020-02-09T13:36:29","slug":"elementor-403","status":"publish","type":"post","link":"https:\/\/www.skiverein-luetzel.de\/?p=403","title":{"rendered":"Offene Westdeutsche Meisterschaft Rollski Flachstrecke 2018"},"content":{"rendered":"\t\t<div data-elementor-type=\"wp-post\" data-elementor-id=\"403\" class=\"elementor elementor-403\">\n\t\t\t\t\t\t<section class=\"elementor-section elementor-top-section elementor-element elementor-element-bab2f65 elementor-section-boxed elementor-section-height-default elementor-section-height-default\" data-id=\"bab2f65\" data-element_type=\"section\">\n\t\t\t\t\t\t<div class=\"elementor-container elementor-column-gap-default\">\n\t\t\t\t\t<div class=\"elementor-column elementor-col-100 elementor-top-column elementor-element elementor-element-7064218\" data-id=\"7064218\" data-element_type=\"column\">\n\t\t\t<div class=\"elementor-widget-wrap elementor-element-populated\">\n\t\t\t\t\t\t<div class=\"elementor-element elementor-element-bf643ae elementor-widget elementor-widget-heading\" data-id=\"bf643ae\" data-element_type=\"widget\" data-widget_type=\"heading.default\">\n\t\t\t\t<div class=\"elementor-widget-container\">\n\t\t\t<h1 class=\"elementor-heading-title elementor-size-default\">Offene Westdeutsche Meisterschaft Rollski Flachstrecke<\/h1>\t\t<\/div>\n\t\t\t\t<\/div>\n\t\t\t\t<div class=\"elementor-element elementor-element-3ce66bb elementor-widget elementor-widget-text-editor\" data-id=\"3ce66bb\" data-element_type=\"widget\" data-widget_type=\"text-editor.default\">\n\t\t\t\t<div class=\"elementor-widget-container\">\n\t\t\t\t\t\t\t<h5>L\u00fctzeler Rollski-Bergsprint<br \/>30. Juni 2018<\/h5>\t\t\t\t\t\t<\/div>\n\t\t\t\t<\/div>\n\t\t\t\t\t<\/div>\n\t\t<\/div>\n\t\t\t\t\t<\/div>\n\t\t<\/section>\n\t\t\t\t<section class=\"elementor-section elementor-top-section elementor-element elementor-element-31bf657 elementor-section-boxed elementor-section-height-default elementor-section-height-default\" data-id=\"31bf657\" data-element_type=\"section\">\n\t\t\t\t\t\t<div class=\"elementor-container elementor-column-gap-default\">\n\t\t\t\t\t<div class=\"elementor-column elementor-col-100 elementor-top-column elementor-element elementor-element-6403964\" data-id=\"6403964\" data-element_type=\"column\">\n\t\t\t<div class=\"elementor-widget-wrap elementor-element-populated\">\n\t\t\t\t\t\t<div class=\"elementor-element elementor-element-44bdd02 elementor-widget elementor-widget-text-editor\" data-id=\"44bdd02\" data-element_type=\"widget\" data-widget_type=\"text-editor.default\">\n\t\t\t\t<div class=\"elementor-widget-container\">\n\t\t\t\t\t\t\t<table border=\"1\" style=\"border-collapse: collapse; width: 100%;\">\n<tbody>\n<tr>\n<td style=\"width: 50%;\">Veranstalter:<\/td>\n<td style=\"width: 50%;\">Westdeutscher Skiverband WSV<\/td>\n<\/tr>\n<tr>\n<td style=\"width: 50%;\">Ausrichter:<\/td>\n<td style=\"width: 50%;\">Skiverein L&uuml;tzel<\/td>\n<\/tr>\n<tr>\n<td style=\"width: 50%;\">Gesamtleitung:<\/td>\n<td style=\"width: 50%;\">Harald Treude<\/td>\n<\/tr>\n<tr>\n<td style=\"width: 50%;\">Streckenchef:<\/td>\n<td style=\"width: 50%;\">Helmut Treude<\/td>\n<\/tr>\n<tr>\n<td style=\"width: 50%;\">Zeitnahme:<\/td>\n<td style=\"width: 50%;\">Karsten Afflerbach<\/td>\n<\/tr>\n<tr>\n<td style=\"width: 50%;\">Sanit&auml;tsdienst:<\/td>\n<td style=\"width: 50%;\">DRK Hilchenbach<\/td>\n<\/tr>\n<\/tbody>\n<\/table>\t\t\t\t\t\t<\/div>\n\t\t\t\t<\/div>\n\t\t\t\t\t<\/div>\n\t\t<\/div>\n\t\t\t\t\t<\/div>\n\t\t<\/section>\n\t\t\t\t<section class=\"elementor-section elementor-top-section elementor-element elementor-element-2594055 elementor-section-boxed elementor-section-height-default elementor-section-height-default\" data-id=\"2594055\" data-element_type=\"section\">\n\t\t\t\t\t\t<div class=\"elementor-container elementor-column-gap-default\">\n\t\t\t\t\t<div class=\"elementor-column elementor-col-50 elementor-top-column elementor-element elementor-element-f713ccd\" data-id=\"f713ccd\" data-element_type=\"column\">\n\t\t\t<div class=\"elementor-widget-wrap elementor-element-populated\">\n\t\t\t\t\t\t<div class=\"elementor-element elementor-element-b5e425d elementor-widget elementor-widget-text-editor\" data-id=\"b5e425d\" data-element_type=\"widget\" data-widget_type=\"text-editor.default\">\n\t\t\t\t<div class=\"elementor-widget-container\">\n\t\t\t\t\t\t\t<h5>Meldung:<\/h5>\t\t\t\t\t\t<\/div>\n\t\t\t\t<\/div>\n\t\t\t\t\t<\/div>\n\t\t<\/div>\n\t\t\t\t<div class=\"elementor-column elementor-col-50 elementor-top-column elementor-element elementor-element-7d2b7e4\" data-id=\"7d2b7e4\" data-element_type=\"column\">\n\t\t\t<div class=\"elementor-widget-wrap elementor-element-populated\">\n\t\t\t\t\t\t<div class=\"elementor-element elementor-element-bf6a485 elementor-widget elementor-widget-text-editor\" data-id=\"bf6a485\" data-element_type=\"widget\" data-widget_type=\"text-editor.default\">\n\t\t\t\t<div class=\"elementor-widget-container\">\n\t\t\t\t\t\t\t<p>Bitte schriftlich unter Angabe von Verein, Name, Vorname,<br \/>Jahrgang und Geschlecht bis Mittwoch, den 27.06.2018,<br \/>18.00 Uhr an:<\/p><p>Karsten Afflerbach<br \/>Ahornweg 6<br \/>57271 Hilchenbach<br \/>Fax. 02733\/286050<br \/><a href=\"mailto:karsten.afflerbach@skiverein-luetzel.de\">karsten.afflerbach@skiverein-luetzel.de<\/a><\/p>\t\t\t\t\t\t<\/div>\n\t\t\t\t<\/div>\n\t\t\t\t\t<\/div>\n\t\t<\/div>\n\t\t\t\t\t<\/div>\n\t\t<\/section>\n\t\t\t\t<section class=\"elementor-section elementor-top-section elementor-element elementor-element-3aad7e7 elementor-section-boxed elementor-section-height-default elementor-section-height-default\" data-id=\"3aad7e7\" data-element_type=\"section\">\n\t\t\t\t\t\t<div class=\"elementor-container elementor-column-gap-default\">\n\t\t\t\t\t<div class=\"elementor-column elementor-col-50 elementor-top-column elementor-element elementor-element-6488b95\" data-id=\"6488b95\" data-element_type=\"column\">\n\t\t\t<div class=\"elementor-widget-wrap elementor-element-populated\">\n\t\t\t\t\t\t<div class=\"elementor-element elementor-element-90cc2f9 elementor-widget elementor-widget-text-editor\" data-id=\"90cc2f9\" data-element_type=\"widget\" data-widget_type=\"text-editor.default\">\n\t\t\t\t<div class=\"elementor-widget-container\">\n\t\t\t\t\t\t\t<h5>Startgeld:<\/h5>\t\t\t\t\t\t<\/div>\n\t\t\t\t<\/div>\n\t\t\t\t\t<\/div>\n\t\t<\/div>\n\t\t\t\t<div class=\"elementor-column elementor-col-50 elementor-top-column elementor-element elementor-element-d5c0e84\" data-id=\"d5c0e84\" data-element_type=\"column\">\n\t\t\t<div class=\"elementor-widget-wrap elementor-element-populated\">\n\t\t\t\t\t\t<div class=\"elementor-element elementor-element-5069a02 elementor-widget elementor-widget-text-editor\" data-id=\"5069a02\" data-element_type=\"widget\" data-widget_type=\"text-editor.default\">\n\t\t\t\t<div class=\"elementor-widget-container\">\n\t\t\t\t\t\t\t<p>Sch\u00fcler (U15)\u00a0 \u00a0 \u00a0 \u00a0 \u00a0 \u00a0 \u00a0 \u00a0 \u00a0 \u00a0 4,00 \u20ac<br \/>Jugend (U 18)\u00a0 \u00a0 \u00a0 \u00a0 \u00a0 \u00a0 \u00a0 \u00a0 \u00a0 \u00a0 5,00 \u20ac<br \/>Junioren\/innen (U 20)\u00a0 \u00a0 \u00a0 7,00 \u20ac<br \/>Damen und Herren\u00a0 \u00a0 \u00a0 \u00a0 \u00a0 9,00 \u20ac<\/p>\t\t\t\t\t\t<\/div>\n\t\t\t\t<\/div>\n\t\t\t\t\t<\/div>\n\t\t<\/div>\n\t\t\t\t\t<\/div>\n\t\t<\/section>\n\t\t\t\t<section class=\"elementor-section elementor-top-section elementor-element elementor-element-c9d2037 elementor-section-boxed elementor-section-height-default elementor-section-height-default\" data-id=\"c9d2037\" data-element_type=\"section\">\n\t\t\t\t\t\t<div class=\"elementor-container elementor-column-gap-default\">\n\t\t\t\t\t<div class=\"elementor-column elementor-col-50 elementor-top-column elementor-element elementor-element-53b62e2\" data-id=\"53b62e2\" data-element_type=\"column\">\n\t\t\t<div class=\"elementor-widget-wrap elementor-element-populated\">\n\t\t\t\t\t\t<div class=\"elementor-element elementor-element-a8553c6 elementor-widget elementor-widget-text-editor\" data-id=\"a8553c6\" data-element_type=\"widget\" data-widget_type=\"text-editor.default\">\n\t\t\t\t<div class=\"elementor-widget-container\">\n\t\t\t\t\t\t\t<h5>Haftung:<\/h5>\t\t\t\t\t\t<\/div>\n\t\t\t\t<\/div>\n\t\t\t\t\t<\/div>\n\t\t<\/div>\n\t\t\t\t<div class=\"elementor-column elementor-col-50 elementor-top-column elementor-element elementor-element-33baa59\" data-id=\"33baa59\" data-element_type=\"column\">\n\t\t\t<div class=\"elementor-widget-wrap elementor-element-populated\">\n\t\t\t\t\t\t<div class=\"elementor-element elementor-element-36d7955 elementor-widget elementor-widget-text-editor\" data-id=\"36d7955\" data-element_type=\"widget\" data-widget_type=\"text-editor.default\">\n\t\t\t\t<div class=\"elementor-widget-container\">\n\t\t\t\t\t\t\t<p>Der Westdeutsche Skiverband und der SV L\u00fctzel e.V., sowie alle Personen, die mit der Durchf\u00fchrung der Veranstaltung betraut sind,<strong> lehnen jegliche Haftung bei Unf\u00e4llen aller Art ab<\/strong>.<\/p><p><span style=\"text-decoration: underline;\">Jeder Teilnehmer\/in erkennt durch die Abgabe seiner<\/span><br \/><span style=\"text-decoration: underline;\">Meldung den Haftungsausschluss und die Wettkampfordnung an.<\/span><\/p><p>Des Weiteren erkl\u00e4rt er\/sie sich damit einverstanden, dass die mit der Teilnahme am Lauf gemachten Fotos, Filmaufnahmen und Interviews, in den Medien ohne Verg\u00fctungsanspr\u00fcche genutzt werden d\u00fcrfen. Gleiches gilt f\u00fcr die Weitergabe derer an \u00fcbergeordnet Verb\u00e4nde und deren Organe. Wer gegen die Ver\u00f6ffentlichung bzw. Weitergabe ist, muss, vor Veranstaltungsbeginn schriftlich seinen Einwand erkl\u00e4ren.<\/p>\t\t\t\t\t\t<\/div>\n\t\t\t\t<\/div>\n\t\t\t\t\t<\/div>\n\t\t<\/div>\n\t\t\t\t\t<\/div>\n\t\t<\/section>\n\t\t\t\t<section class=\"elementor-section elementor-top-section elementor-element elementor-element-ae5018c elementor-section-boxed elementor-section-height-default elementor-section-height-default\" data-id=\"ae5018c\" data-element_type=\"section\">\n\t\t\t\t\t\t<div class=\"elementor-container elementor-column-gap-default\">\n\t\t\t\t\t<div class=\"elementor-column elementor-col-50 elementor-top-column elementor-element elementor-element-879e3fa\" data-id=\"879e3fa\" data-element_type=\"column\">\n\t\t\t<div class=\"elementor-widget-wrap elementor-element-populated\">\n\t\t\t\t\t\t<div class=\"elementor-element elementor-element-ddce7be elementor-widget elementor-widget-text-editor\" data-id=\"ddce7be\" data-element_type=\"widget\" data-widget_type=\"text-editor.default\">\n\t\t\t\t<div class=\"elementor-widget-container\">\n\t\t\t\t\t\t\t<h5>Sicherheit:<\/h5>\t\t\t\t\t\t<\/div>\n\t\t\t\t<\/div>\n\t\t\t\t\t<\/div>\n\t\t<\/div>\n\t\t\t\t<div class=\"elementor-column elementor-col-50 elementor-top-column elementor-element elementor-element-3e1e60c\" data-id=\"3e1e60c\" data-element_type=\"column\">\n\t\t\t<div class=\"elementor-widget-wrap elementor-element-populated\">\n\t\t\t\t\t\t<div class=\"elementor-element elementor-element-876596c elementor-widget elementor-widget-text-editor\" data-id=\"876596c\" data-element_type=\"widget\" data-widget_type=\"text-editor.default\">\n\t\t\t\t<div class=\"elementor-widget-container\">\n\t\t\t\t\t\t\t<p><strong>Helm- und Brillenpflicht! Kein Start ohne Helm und<\/strong><br \/><strong>Brille!<\/strong>\u00a0<\/p><p>Auch beim Einlaufen auf Skirollern wird das<br \/>Tragen eines Helmes empfohlen.<\/p>\t\t\t\t\t\t<\/div>\n\t\t\t\t<\/div>\n\t\t\t\t\t<\/div>\n\t\t<\/div>\n\t\t\t\t\t<\/div>\n\t\t<\/section>\n\t\t\t\t<section class=\"elementor-section elementor-top-section elementor-element elementor-element-c6e0c53 elementor-section-boxed elementor-section-height-default elementor-section-height-default\" data-id=\"c6e0c53\" data-element_type=\"section\">\n\t\t\t\t\t\t<div class=\"elementor-container elementor-column-gap-default\">\n\t\t\t\t\t<div class=\"elementor-column elementor-col-50 elementor-top-column elementor-element elementor-element-4ae32a0\" data-id=\"4ae32a0\" data-element_type=\"column\">\n\t\t\t<div class=\"elementor-widget-wrap elementor-element-populated\">\n\t\t\t\t\t\t<div class=\"elementor-element elementor-element-633d99d elementor-widget elementor-widget-text-editor\" data-id=\"633d99d\" data-element_type=\"widget\" data-widget_type=\"text-editor.default\">\n\t\t\t\t<div class=\"elementor-widget-container\">\n\t\t\t\t\t\t\t<h5>Anfahrt:<\/h5>\t\t\t\t\t\t<\/div>\n\t\t\t\t<\/div>\n\t\t\t\t\t<\/div>\n\t\t<\/div>\n\t\t\t\t<div class=\"elementor-column elementor-col-50 elementor-top-column elementor-element elementor-element-ebf9cb8\" data-id=\"ebf9cb8\" data-element_type=\"column\">\n\t\t\t<div class=\"elementor-widget-wrap elementor-element-populated\">\n\t\t\t\t\t\t<div class=\"elementor-element elementor-element-413bf39 elementor-widget elementor-widget-text-editor\" data-id=\"413bf39\" data-element_type=\"widget\" data-widget_type=\"text-editor.default\">\n\t\t\t\t<div class=\"elementor-widget-container\">\n\t\t\t\t\t\t\t<p><strong>Hilchenbach-L\u00fctzel (Fa. Pickhan \/ Alte Schule)<\/strong><\/p><p><span style=\"text-decoration: underline;\">Von Norden\/Westen:<\/span><br \/>BAB 45 Ausfahrt Siegen-Nord, Richtung Kreuztal \/ Hilchenbach. B508 sp\u00e4ter B62, weiter folgen Richtung Bad Berleburg. Vor Ortseingang L\u00fctzel rechts auf Parkplatz FA Pickhan (Flachstrecke) L\u00fctzel Ortsmitte rechts abbiegen in den Ahornweg \/ Alte Schule (Sprint)<\/p><p><span style=\"text-decoration: underline;\">Von S\u00fcden\/Osten:<\/span><br \/>BAB 45 Ausfahrt Siegen, Richtung Kreuztal \/ Netphen B54 \/ B62. Schnellstra\u00dfe (B54) Richtung Netphen verlassen und die B62 bis L\u00fctzel folgen.<br \/>Vor Ortseingang L\u00fctzel rechts auf Parkplatz FA Pickhan (Flachstrecke) L\u00fctzel Ortsmitte rechts abbiegen in den Ahornweg \/ Alte Schule (Sprint)<\/p>\t\t\t\t\t\t<\/div>\n\t\t\t\t<\/div>\n\t\t\t\t\t<\/div>\n\t\t<\/div>\n\t\t\t\t\t<\/div>\n\t\t<\/section>\n\t\t\t\t<section class=\"elementor-section elementor-top-section elementor-element elementor-element-e0f6869 elementor-section-boxed elementor-section-height-default elementor-section-height-default\" data-id=\"e0f6869\" data-element_type=\"section\">\n\t\t\t\t\t\t<div class=\"elementor-container elementor-column-gap-default\">\n\t\t\t\t\t<div class=\"elementor-column elementor-col-50 elementor-top-column elementor-element elementor-element-a4f73aa\" data-id=\"a4f73aa\" data-element_type=\"column\">\n\t\t\t<div class=\"elementor-widget-wrap elementor-element-populated\">\n\t\t\t\t\t\t<div class=\"elementor-element elementor-element-423abc0 elementor-widget elementor-widget-text-editor\" data-id=\"423abc0\" data-element_type=\"widget\" data-widget_type=\"text-editor.default\">\n\t\t\t\t<div class=\"elementor-widget-container\">\n\t\t\t\t\t\t\t<h5>Ausk\u00fcnfte:<\/h5>\t\t\t\t\t\t<\/div>\n\t\t\t\t<\/div>\n\t\t\t\t\t<\/div>\n\t\t<\/div>\n\t\t\t\t<div class=\"elementor-column elementor-col-50 elementor-top-column elementor-element elementor-element-e4102c0\" data-id=\"e4102c0\" data-element_type=\"column\">\n\t\t\t<div class=\"elementor-widget-wrap elementor-element-populated\">\n\t\t\t\t\t\t<div class=\"elementor-element elementor-element-a306340 elementor-widget elementor-widget-text-editor\" data-id=\"a306340\" data-element_type=\"widget\" data-widget_type=\"text-editor.default\">\n\t\t\t\t<div class=\"elementor-widget-container\">\n\t\t\t\t\t\t\t<p>Harald Treude, Marburger Stra\u00dfe 20, 57339<br \/>Erndtebr\u00fcck 0172 8427832<br \/><br \/><br \/><\/p>\t\t\t\t\t\t<\/div>\n\t\t\t\t<\/div>\n\t\t\t\t\t<\/div>\n\t\t<\/div>\n\t\t\t\t\t<\/div>\n\t\t<\/section>\n\t\t\t\t<section class=\"elementor-section elementor-top-section elementor-element elementor-element-96ea743 elementor-section-boxed elementor-section-height-default elementor-section-height-default\" data-id=\"96ea743\" data-element_type=\"section\">\n\t\t\t\t\t\t<div class=\"elementor-container elementor-column-gap-default\">\n\t\t\t\t\t<div class=\"elementor-column elementor-col-50 elementor-top-column elementor-element elementor-element-096e4f6\" data-id=\"096e4f6\" data-element_type=\"column\">\n\t\t\t<div class=\"elementor-widget-wrap elementor-element-populated\">\n\t\t\t\t\t\t<div class=\"elementor-element elementor-element-6d64b9e elementor-widget elementor-widget-text-editor\" data-id=\"6d64b9e\" data-element_type=\"widget\" data-widget_type=\"text-editor.default\">\n\t\t\t\t<div class=\"elementor-widget-container\">\n\t\t\t\t\t\t\t<h5>Startnr.-<br>\nAuslosung:<\/h5>\t\t\t\t\t\t<\/div>\n\t\t\t\t<\/div>\n\t\t\t\t\t<\/div>\n\t\t<\/div>\n\t\t\t\t<div class=\"elementor-column elementor-col-50 elementor-top-column elementor-element elementor-element-fbf8673\" data-id=\"fbf8673\" data-element_type=\"column\">\n\t\t\t<div class=\"elementor-widget-wrap elementor-element-populated\">\n\t\t\t\t\t\t<div class=\"elementor-element elementor-element-0913dd3 elementor-widget elementor-widget-text-editor\" data-id=\"0913dd3\" data-element_type=\"widget\" data-widget_type=\"text-editor.default\">\n\t\t\t\t<div class=\"elementor-widget-container\">\n\t\t\t\t\t\t\t<p>Donnerstag, 28. Juni 2018, 20.00 Uhr, Alte Schule L\u00fctzel<\/p><p>\u00a0<\/p>\t\t\t\t\t\t<\/div>\n\t\t\t\t<\/div>\n\t\t\t\t\t<\/div>\n\t\t<\/div>\n\t\t\t\t\t<\/div>\n\t\t<\/section>\n\t\t\t\t<section class=\"elementor-section elementor-top-section elementor-element elementor-element-3768cda elementor-section-boxed elementor-section-height-default elementor-section-height-default\" data-id=\"3768cda\" data-element_type=\"section\">\n\t\t\t\t\t\t<div class=\"elementor-container elementor-column-gap-default\">\n\t\t\t\t\t<div class=\"elementor-column elementor-col-50 elementor-top-column elementor-element elementor-element-8bef5aa\" data-id=\"8bef5aa\" data-element_type=\"column\">\n\t\t\t<div class=\"elementor-widget-wrap elementor-element-populated\">\n\t\t\t\t\t\t<div class=\"elementor-element elementor-element-76aae39 elementor-widget elementor-widget-text-editor\" data-id=\"76aae39\" data-element_type=\"widget\" data-widget_type=\"text-editor.default\">\n\t\t\t\t<div class=\"elementor-widget-container\">\n\t\t\t\t\t\t\t<h5>Wettkampf-<br>\nBesprechung:<\/h5>\t\t\t\t\t\t<\/div>\n\t\t\t\t<\/div>\n\t\t\t\t\t<\/div>\n\t\t<\/div>\n\t\t\t\t<div class=\"elementor-column elementor-col-50 elementor-top-column elementor-element elementor-element-7a19670\" data-id=\"7a19670\" data-element_type=\"column\">\n\t\t\t<div class=\"elementor-widget-wrap elementor-element-populated\">\n\t\t\t\t\t\t<div class=\"elementor-element elementor-element-9820932 elementor-widget elementor-widget-text-editor\" data-id=\"9820932\" data-element_type=\"widget\" data-widget_type=\"text-editor.default\">\n\t\t\t\t<div class=\"elementor-widget-container\">\n\t\t\t\t\t\t\t<p>Jeweils ca. 15 Minuten vor dem ersten Start<\/p>\t\t\t\t\t\t<\/div>\n\t\t\t\t<\/div>\n\t\t\t\t\t<\/div>\n\t\t<\/div>\n\t\t\t\t\t<\/div>\n\t\t<\/section>\n\t\t\t\t<section class=\"elementor-section elementor-top-section elementor-element elementor-element-1d5014b elementor-section-boxed elementor-section-height-default elementor-section-height-default\" data-id=\"1d5014b\" data-element_type=\"section\">\n\t\t\t\t\t\t<div class=\"elementor-container elementor-column-gap-default\">\n\t\t\t\t\t<div class=\"elementor-column elementor-col-100 elementor-top-column elementor-element elementor-element-836b7bd\" data-id=\"836b7bd\" data-element_type=\"column\">\n\t\t\t<div class=\"elementor-widget-wrap elementor-element-populated\">\n\t\t\t\t\t\t<div class=\"elementor-element elementor-element-10801d1 elementor-widget elementor-widget-heading\" data-id=\"10801d1\" data-element_type=\"widget\" data-widget_type=\"heading.default\">\n\t\t\t\t<div class=\"elementor-widget-container\">\n\t\t\t<h4 class=\"elementor-heading-title elementor-size-default\">Offene Westdeutsche Meisterschaft <\/h4>\t\t<\/div>\n\t\t\t\t<\/div>\n\t\t\t\t\t<\/div>\n\t\t<\/div>\n\t\t\t\t\t<\/div>\n\t\t<\/section>\n\t\t\t\t<section class=\"elementor-section elementor-top-section elementor-element elementor-element-7dd28df elementor-section-boxed elementor-section-height-default elementor-section-height-default\" data-id=\"7dd28df\" data-element_type=\"section\">\n\t\t\t\t\t\t<div class=\"elementor-container elementor-column-gap-default\">\n\t\t\t\t\t<div class=\"elementor-column elementor-col-50 elementor-top-column elementor-element elementor-element-92a683a\" data-id=\"92a683a\" data-element_type=\"column\">\n\t\t\t<div class=\"elementor-widget-wrap elementor-element-populated\">\n\t\t\t\t\t\t<div class=\"elementor-element elementor-element-aa3d428 elementor-widget elementor-widget-text-editor\" data-id=\"aa3d428\" data-element_type=\"widget\" data-widget_type=\"text-editor.default\">\n\t\t\t\t<div class=\"elementor-widget-container\">\n\t\t\t\t\t\t\t<h5>Startnummern-<br>\nAusgabe:<\/h5>\t\t\t\t\t\t<\/div>\n\t\t\t\t<\/div>\n\t\t\t\t\t<\/div>\n\t\t<\/div>\n\t\t\t\t<div class=\"elementor-column elementor-col-50 elementor-top-column elementor-element elementor-element-40c87ef\" data-id=\"40c87ef\" data-element_type=\"column\">\n\t\t\t<div class=\"elementor-widget-wrap elementor-element-populated\">\n\t\t\t\t\t\t<div class=\"elementor-element elementor-element-e22d5a1 elementor-widget elementor-widget-text-editor\" data-id=\"e22d5a1\" data-element_type=\"widget\" data-widget_type=\"text-editor.default\">\n\t\t\t\t<div class=\"elementor-widget-container\">\n\t\t\t\t\t\t\t<p>ab 12.15 Uhr Zielzelt Parkplatz Fa. Pickhan L\u00fctzel<\/p>\t\t\t\t\t\t<\/div>\n\t\t\t\t<\/div>\n\t\t\t\t\t<\/div>\n\t\t<\/div>\n\t\t\t\t\t<\/div>\n\t\t<\/section>\n\t\t\t\t<section class=\"elementor-section elementor-top-section elementor-element elementor-element-4711b09 elementor-section-boxed elementor-section-height-default elementor-section-height-default\" data-id=\"4711b09\" data-element_type=\"section\">\n\t\t\t\t\t\t<div class=\"elementor-container elementor-column-gap-default\">\n\t\t\t\t\t<div class=\"elementor-column elementor-col-50 elementor-top-column elementor-element elementor-element-573811f\" data-id=\"573811f\" data-element_type=\"column\">\n\t\t\t<div class=\"elementor-widget-wrap elementor-element-populated\">\n\t\t\t\t\t\t<div class=\"elementor-element elementor-element-7147a8c elementor-widget elementor-widget-text-editor\" data-id=\"7147a8c\" data-element_type=\"widget\" data-widget_type=\"text-editor.default\">\n\t\t\t\t<div class=\"elementor-widget-container\">\n\t\t\t\t\t\t\t<h5>Stilart:<\/h5>\t\t\t\t\t\t<\/div>\n\t\t\t\t<\/div>\n\t\t\t\t\t<\/div>\n\t\t<\/div>\n\t\t\t\t<div class=\"elementor-column elementor-col-50 elementor-top-column elementor-element elementor-element-642b688\" data-id=\"642b688\" data-element_type=\"column\">\n\t\t\t<div class=\"elementor-widget-wrap elementor-element-populated\">\n\t\t\t\t\t\t<div class=\"elementor-element elementor-element-53179e8 elementor-widget elementor-widget-text-editor\" data-id=\"53179e8\" data-element_type=\"widget\" data-widget_type=\"text-editor.default\">\n\t\t\t\t<div class=\"elementor-widget-container\">\n\t\t\t\t\t\t\t<p>Freie Technik<\/p>\t\t\t\t\t\t<\/div>\n\t\t\t\t<\/div>\n\t\t\t\t\t<\/div>\n\t\t<\/div>\n\t\t\t\t\t<\/div>\n\t\t<\/section>\n\t\t\t\t<section class=\"elementor-section elementor-top-section elementor-element elementor-element-870d6dd elementor-section-boxed elementor-section-height-default elementor-section-height-default\" data-id=\"870d6dd\" data-element_type=\"section\">\n\t\t\t\t\t\t<div class=\"elementor-container elementor-column-gap-default\">\n\t\t\t\t\t<div class=\"elementor-column elementor-col-50 elementor-top-column elementor-element elementor-element-0b98db6\" data-id=\"0b98db6\" data-element_type=\"column\">\n\t\t\t<div class=\"elementor-widget-wrap elementor-element-populated\">\n\t\t\t\t\t\t<div class=\"elementor-element elementor-element-81d1ba1 elementor-widget elementor-widget-text-editor\" data-id=\"81d1ba1\" data-element_type=\"widget\" data-widget_type=\"text-editor.default\">\n\t\t\t\t<div class=\"elementor-widget-container\">\n\t\t\t\t\t\t\t<h5>Startmodus:<\/h5>\t\t\t\t\t\t<\/div>\n\t\t\t\t<\/div>\n\t\t\t\t\t<\/div>\n\t\t<\/div>\n\t\t\t\t<div class=\"elementor-column elementor-col-50 elementor-top-column elementor-element elementor-element-0d3b450\" data-id=\"0d3b450\" data-element_type=\"column\">\n\t\t\t<div class=\"elementor-widget-wrap elementor-element-populated\">\n\t\t\t\t\t\t<div class=\"elementor-element elementor-element-eb14a2c elementor-widget elementor-widget-text-editor\" data-id=\"eb14a2c\" data-element_type=\"widget\" data-widget_type=\"text-editor.default\">\n\t\t\t\t<div class=\"elementor-widget-container\">\n\t\t\t\t\t\t\t<p>Gruppen bzw. Massenstart nach unten folgender Einteilung Zum Warmlaufen wird die Strecke durch den Sprecher freigegeben. Zuwiderhandlungen f\u00fchren zur Disqualifikation.<\/p>\t\t\t\t\t\t<\/div>\n\t\t\t\t<\/div>\n\t\t\t\t\t<\/div>\n\t\t<\/div>\n\t\t\t\t\t<\/div>\n\t\t<\/section>\n\t\t\t\t<section class=\"elementor-section elementor-top-section elementor-element elementor-element-388e270 elementor-section-boxed elementor-section-height-default elementor-section-height-default\" data-id=\"388e270\" data-element_type=\"section\">\n\t\t\t\t\t\t<div class=\"elementor-container elementor-column-gap-default\">\n\t\t\t\t\t<div class=\"elementor-column elementor-col-100 elementor-top-column elementor-element elementor-element-3c8bcaa\" data-id=\"3c8bcaa\" data-element_type=\"column\">\n\t\t\t<div class=\"elementor-widget-wrap elementor-element-populated\">\n\t\t\t\t\t\t<div class=\"elementor-element elementor-element-fa07fff elementor-widget elementor-widget-text-editor\" data-id=\"fa07fff\" data-element_type=\"widget\" data-widget_type=\"text-editor.default\">\n\t\t\t\t<div class=\"elementor-widget-container\">\n\t\t\t\t\t\t\t<h6>Al<b>le weiteren Informationen k\u00f6nnt ihr der offiziellen Ausschreibung entnehmen.<\/b><\/h6><h6><a href=\"http:\/\/neuehomepage.skiverein-luetzel.de\/wp-content\/uploads\/2019\/11\/MeisterschaftRollski2018.pdf\" target=\"_blank\" rel=\"noopener\">Ausschreibung im PDF-Format<\/a><\/h6>\t\t\t\t\t\t<\/div>\n\t\t\t\t<\/div>\n\t\t\t\t\t<\/div>\n\t\t<\/div>\n\t\t\t\t\t<\/div>\n\t\t<\/section>\n\t\t\t\t<section class=\"elementor-section elementor-top-section elementor-element elementor-element-86384bd elementor-section-boxed elementor-section-height-default elementor-section-height-default\" data-id=\"86384bd\" data-element_type=\"section\">\n\t\t\t\t\t\t<div class=\"elementor-container elementor-column-gap-default\">\n\t\t\t\t\t<div class=\"elementor-column elementor-col-100 elementor-top-column elementor-element elementor-element-9cf52e8\" data-id=\"9cf52e8\" data-element_type=\"column\">\n\t\t\t<div class=\"elementor-widget-wrap elementor-element-populated\">\n\t\t\t\t\t\t<div class=\"elementor-element elementor-element-478da6b elementor-widget elementor-widget-text-editor\" data-id=\"478da6b\" data-element_type=\"widget\" data-widget_type=\"text-editor.default\">\n\t\t\t\t<div class=\"elementor-widget-container\">\n\t\t\t\t\t\t\t<h6><strong>Weiter Informationen\u00a0<\/strong><\/h6><h6><a href=\"http:\/\/neuehomepage.skiverein-luetzel.de\/wp-content\/uploads\/2019\/11\/startliste_flachstrecke_2018-06-30.pdf\">Startliste Flachstrecke<\/a><\/h6><h6><a href=\"http:\/\/neuehomepage.skiverein-luetzel.de\/wp-content\/uploads\/2019\/11\/startliste_bergsprint_2018-06-30.pdf\">Startliste Bergsprint<\/a><\/h6><h6><a href=\"http:\/\/neuehomepage.skiverein-luetzel.de\/wp-content\/uploads\/2019\/11\/ergebnis_flachstrecke_2018-06-30.pdf\">Ergebnissliste Flachstrecke (Klassenwertung) <\/a><\/h6><h6><a href=\"http:\/\/neuehomepage.skiverein-luetzel.de\/wp-content\/uploads\/2019\/11\/ergebnis_flachstrecke_meister_2018-06-30.pdf\">Ergebnissliste Flachstrecke (Meisterschaftswertung)<\/a><\/h6><h6><a href=\"http:\/\/neuehomepage.skiverein-luetzel.de\/wp-content\/uploads\/2019\/11\/ergebnis_bergsprint_2018-06-30.pdf\">Ergebnissliste Bergsprint <\/a><\/h6>\t\t\t\t\t\t<\/div>\n\t\t\t\t<\/div>\n\t\t\t\t\t<\/div>\n\t\t<\/div>\n\t\t\t\t\t<\/div>\n\t\t<\/section>\n\t\t\t\t<\/div>\n\t\t","protected":false},"excerpt":{"rendered":"<p>Offene Westdeutsche Meisterschaft Rollski Flachstrecke L\u00fctzeler Rollski-Bergsprint30. Juni 2018 Veranstalter: Westdeutscher Skiverband WSV Ausrichter: Skiverein L&uuml;tzel Gesamtleitung: Harald Treude Streckenchef:<\/p>\n","protected":false},"author":4,"featured_media":406,"comment_status":"closed","ping_status":"open","sticky":false,"template":"","format":"standard","meta":{"footnotes":""},"categories":[9],"tags":[],"class_list":["post-403","post","type-post","status-publish","format-standard","has-post-thumbnail","hentry","category-wettkaempfe"],"_links":{"self":[{"href":"https:\/\/www.skiverein-luetzel.de\/index.php?rest_route=\/wp\/v2\/posts\/403","targetHints":{"allow":["GET"]}}],"collection":[{"href":"https:\/\/www.skiverein-luetzel.de\/index.php?rest_route=\/wp\/v2\/posts"}],"about":[{"href":"https:\/\/www.skiverein-luetzel.de\/index.php?rest_route=\/wp\/v2\/types\/post"}],"author":[{"embeddable":true,"href":"https:\/\/www.skiverein-luetzel.de\/index.php?rest_route=\/wp\/v2\/users\/4"}],"replies":[{"embeddable":true,"href":"https:\/\/www.skiverein-luetzel.de\/index.php?rest_route=%2Fwp%2Fv2%2Fcomments&post=403"}],"version-history":[{"count":0,"href":"https:\/\/www.skiverein-luetzel.de\/index.php?rest_route=\/wp\/v2\/posts\/403\/revisions"}],"wp:featuredmedia":[{"embeddable":true,"href":"https:\/\/www.skiverein-luetzel.de\/index.php?rest_route=\/wp\/v2\/media\/406"}],"wp:attachment":[{"href":"https:\/\/www.skiverein-luetzel.de\/index.php?rest_route=%2Fwp%2Fv2%2Fmedia&parent=403"}],"wp:term":[{"taxonomy":"category","embeddable":true,"href":"https:\/\/www.skiverein-luetzel.de\/index.php?rest_route=%2Fwp%2Fv2%2Fcategories&post=403"},{"taxonomy":"post_tag","embeddable":true,"href":"https:\/\/www.skiverein-luetzel.de\/index.php?rest_route=%2Fwp%2Fv2%2Ftags&post=403"}],"curies":[{"name":"wp","href":"https:\/\/api.w.org\/{rel}","templated":true}]}}