{"id":3162,"date":"2025-08-15T21:18:26","date_gmt":"2025-08-15T19:18:26","guid":{"rendered":"https:\/\/www.skiverein-luetzel.de\/?p=3162"},"modified":"2025-11-12T20:37:16","modified_gmt":"2025-11-12T19:37:16","slug":"sommerfest-2025","status":"publish","type":"post","link":"https:\/\/www.skiverein-luetzel.de\/?p=3162","title":{"rendered":"Sommerfest 2025"},"content":{"rendered":"\t\t<div data-elementor-type=\"wp-post\" data-elementor-id=\"3162\" class=\"elementor elementor-3162\">\n\t\t\t\t\t\t<section class=\"elementor-section elementor-top-section elementor-element elementor-element-4c78e5a elementor-section-boxed elementor-section-height-default elementor-section-height-default\" data-id=\"4c78e5a\" data-element_type=\"section\">\n\t\t\t\t\t\t<div class=\"elementor-container elementor-column-gap-default\">\n\t\t\t\t\t<div class=\"elementor-column elementor-col-100 elementor-top-column elementor-element elementor-element-07a24f9\" data-id=\"07a24f9\" data-element_type=\"column\">\n\t\t\t<div class=\"elementor-widget-wrap elementor-element-populated\">\n\t\t\t\t\t\t<div class=\"elementor-element elementor-element-07fdf54 elementor-widget elementor-widget-text-editor\" data-id=\"07fdf54\" data-element_type=\"widget\" data-widget_type=\"text-editor.default\">\n\t\t\t\t<div class=\"elementor-widget-container\">\n\t\t\t\t\t\t\t<p>Am Samstag, dem 06.09.2025, ist es wieder soweit: Das Sommerfest des Skivereins findet am Badeweiher statt. Wir starten um 14 Uhr. F\u00fcr ein abwechslungsreiches Programm ist gesorgt. Es gibt eine H\u00fcpfburg, eine Wasserrutsche, die M\u00f6glichkeit zum Schwimmen sowie Angebote f\u00fcr Fu\u00dfball und Indiaca. Um <strong>15 Uhr<\/strong> findet unser <strong>Biathlon<\/strong> statt \u2013 ein spa\u00dfiger sportlicher Wettkampf f\u00fcr Gro\u00df und Klein. Alle, die teilnehmen m\u00f6chten, sind herzlich willkommen.<\/p><p>F\u00fcr das leibliche Wohl ist mit Kaffee, gek\u00fchlten Getr\u00e4nken und Waffeln gesorgt. Ab 17 Uhr wird gegrillt.<\/p><p>Wir freuen uns auf einen sch\u00f6nen Samstag!<\/p>\t\t\t\t\t\t<\/div>\n\t\t\t\t<\/div>\n\t\t\t\t\t<\/div>\n\t\t<\/div>\n\t\t\t\t\t<\/div>\n\t\t<\/section>\n\t\t\t\t<section class=\"elementor-section elementor-top-section elementor-element elementor-element-fc6b964 elementor-section-boxed elementor-section-height-default elementor-section-height-default\" data-id=\"fc6b964\" data-element_type=\"section\">\n\t\t\t\t\t\t<div class=\"elementor-container elementor-column-gap-default\">\n\t\t\t\t\t<div class=\"elementor-column elementor-col-100 elementor-top-column elementor-element elementor-element-2e21161\" data-id=\"2e21161\" data-element_type=\"column\">\n\t\t\t<div class=\"elementor-widget-wrap elementor-element-populated\">\n\t\t\t\t\t\t<div class=\"elementor-element elementor-element-85cecbc elementor-widget elementor-widget-image\" data-id=\"85cecbc\" data-element_type=\"widget\" data-widget_type=\"image.default\">\n\t\t\t\t<div class=\"elementor-widget-container\">\n\t\t\t\t\t\t\t\t\t\t\t\t\t\t<a href=\"https:\/\/www.skiverein-luetzel.de\/wp-content\/uploads\/2025\/08\/Einladung-Sammerfest-2025.pdf\">\n\t\t\t\t\t\t\t<img decoding=\"async\" src=\"https:\/\/www.skiverein-luetzel.de\/wp-content\/uploads\/elementor\/thumbs\/Sommerfest2025_2-rajqrckpku4e0jg8iyf6btstkhccvtq4o034bkfaxc.jpg\" title=\"Sommerfest2025_2\" alt=\"Sommerfest2025_2\" loading=\"lazy\" \/>\t\t\t\t\t\t\t\t<\/a>\n\t\t\t\t\t\t\t\t\t\t\t\t\t<\/div>\n\t\t\t\t<\/div>\n\t\t\t\t\t<\/div>\n\t\t<\/div>\n\t\t\t\t\t<\/div>\n\t\t<\/section>\n\t\t\t\t<\/div>\n\t\t","protected":false},"excerpt":{"rendered":"<p>Am Samstag, dem 06.09.2025, ist es wieder soweit: Das Sommerfest des Skivereins findet am Badeweiher statt. Wir starten um 14<\/p>\n","protected":false},"author":4,"featured_media":3163,"comment_status":"closed","ping_status":"open","sticky":false,"template":"","format":"standard","meta":{"footnotes":""},"categories":[6,11],"tags":[],"class_list":["post-3162","post","type-post","status-publish","format-standard","has-post-thumbnail","hentry","category-aktuelles","category-termine"],"_links":{"self":[{"href":"https:\/\/www.skiverein-luetzel.de\/index.php?rest_route=\/wp\/v2\/posts\/3162","targetHints":{"allow":["GET"]}}],"collection":[{"href":"https:\/\/www.skiverein-luetzel.de\/index.php?rest_route=\/wp\/v2\/posts"}],"about":[{"href":"https:\/\/www.skiverein-luetzel.de\/index.php?rest_route=\/wp\/v2\/types\/post"}],"author":[{"embeddable":true,"href":"https:\/\/www.skiverein-luetzel.de\/index.php?rest_route=\/wp\/v2\/users\/4"}],"replies":[{"embeddable":true,"href":"https:\/\/www.skiverein-luetzel.de\/index.php?rest_route=%2Fwp%2Fv2%2Fcomments&post=3162"}],"version-history":[{"count":13,"href":"https:\/\/www.skiverein-luetzel.de\/index.php?rest_route=\/wp\/v2\/posts\/3162\/revisions"}],"predecessor-version":[{"id":3180,"href":"https:\/\/www.skiverein-luetzel.de\/index.php?rest_route=\/wp\/v2\/posts\/3162\/revisions\/3180"}],"wp:featuredmedia":[{"embeddable":true,"href":"https:\/\/www.skiverein-luetzel.de\/index.php?rest_route=\/wp\/v2\/media\/3163"}],"wp:attachment":[{"href":"https:\/\/www.skiverein-luetzel.de\/index.php?rest_route=%2Fwp%2Fv2%2Fmedia&parent=3162"}],"wp:term":[{"taxonomy":"category","embeddable":true,"href":"https:\/\/www.skiverein-luetzel.de\/index.php?rest_route=%2Fwp%2Fv2%2Fcategories&post=3162"},{"taxonomy":"post_tag","embeddable":true,"href":"https:\/\/www.skiverein-luetzel.de\/index.php?rest_route=%2Fwp%2Fv2%2Ftags&post=3162"}],"curies":[{"name":"wp","href":"https:\/\/api.w.org\/{rel}","templated":true}]}}