{"id":2970,"date":"2024-12-08T19:04:06","date_gmt":"2024-12-08T18:04:06","guid":{"rendered":"https:\/\/www.skiverein-luetzel.de\/?p=2970"},"modified":"2024-12-08T19:10:06","modified_gmt":"2024-12-08T18:10:06","slug":"loipenbetrieb-rodelbahn-und-lift-2024-2025","status":"publish","type":"post","link":"https:\/\/www.skiverein-luetzel.de\/?p=2970","title":{"rendered":"Loipenbetrieb, Rodelbahn und Lift 2024\/2025"},"content":{"rendered":"\t\t<div data-elementor-type=\"wp-post\" data-elementor-id=\"2970\" class=\"elementor elementor-2970\">\n\t\t\t\t\t\t<section class=\"elementor-section elementor-top-section elementor-element elementor-element-f8cbc94 elementor-section-boxed elementor-section-height-default elementor-section-height-default\" data-id=\"f8cbc94\" data-element_type=\"section\">\n\t\t\t\t\t\t<div class=\"elementor-container elementor-column-gap-default\">\n\t\t\t\t\t<div class=\"elementor-column elementor-col-100 elementor-top-column elementor-element elementor-element-cfa2c64\" data-id=\"cfa2c64\" data-element_type=\"column\">\n\t\t\t<div class=\"elementor-widget-wrap elementor-element-populated\">\n\t\t\t\t\t\t<div class=\"elementor-element elementor-element-decd25d elementor-widget elementor-widget-text-editor\" data-id=\"decd25d\" data-element_type=\"widget\" data-widget_type=\"text-editor.default\">\n\t\t\t\t<div class=\"elementor-widget-container\">\n\t\t\t\t\t\t\t<p>Der Winter naht und bringt uns hoffentlich auch auf der L\u00fctzel mal wieder ein paar ordentliche Schneetage!<\/p><p>Anl\u00e4sslich der JHV im Juni dieses Jahres haben wir ja schonmal zum Thema \u201eLift und Loipen\u201c informiert, hier nun der aktualisierte Stand dazu:<\/p><ol><li><p>Der Loipenbetrieb auf den ausgewiesenen Loipen (1,5km, 5km, 7km und \u201ePanoramaloipe\u201c) mit Start und Ziel an der Liftsch\u00e4nke wird vom Skiverein wie gewohnt durchgef\u00fchrt. Um die Loipen mit unserem Pistenbulli pr\u00e4parieren zu k\u00f6nnen, ist eine Schneeh\u00f6he von ca. 20cm erforderlich. Aktuelle Infos zum Loipenbetrieb\/Loipenzustand gibt es, sobald eine entsprechende Schneelage da ist, dann jeweils auf der Homepage unter \u201e<a href=\"https:\/\/www.skiverein-luetzel.de\/?page_id=240\">Wintersport\/\/Loipe<\/a>\u201c.<\/p><\/li><li><p>Rodeln kann man bei gen\u00fcgend Schnee sowohl am Rodelhang als auch am Skihang, jeweils auf eigene Gefahr. Wenn es die Schneeh\u00f6hen zul\u00e4sst, werden Rodelhang und Skihang entsprechend pr\u00e4pariert. Aktuelle Infos zur Rodelbahn gibt es, sobald eine entsprechende Schneelage da ist, dann jeweils auf der Homepage unter \u201e<a href=\"https:\/\/www.skiverein-luetzel.de\/?page_id=242\">Wintersport\/\/Rodelbahn<\/a>\u201c.<\/p><\/li><li><p>Ein Liftbetrieb am Skihang wird auch in diesem Winter nicht m\u00f6glich sein. N\u00e4heres dazu siehe unten.<\/p><\/li><\/ol>\t\t\t\t\t\t<\/div>\n\t\t\t\t<\/div>\n\t\t\t\t\t<\/div>\n\t\t<\/div>\n\t\t\t\t\t<\/div>\n\t\t<\/section>\n\t\t\t\t<section class=\"elementor-section elementor-top-section elementor-element elementor-element-8c50bfe elementor-section-boxed elementor-section-height-default elementor-section-height-default\" data-id=\"8c50bfe\" data-element_type=\"section\">\n\t\t\t\t\t\t<div class=\"elementor-container elementor-column-gap-default\">\n\t\t\t\t\t<div class=\"elementor-column elementor-col-100 elementor-top-column elementor-element elementor-element-8a60ed6\" data-id=\"8a60ed6\" data-element_type=\"column\">\n\t\t\t<div class=\"elementor-widget-wrap elementor-element-populated\">\n\t\t\t\t\t\t<div class=\"elementor-element elementor-element-eca7456 elementor-widget elementor-widget-text-editor\" data-id=\"eca7456\" data-element_type=\"widget\" data-widget_type=\"text-editor.default\">\n\t\t\t\t<div class=\"elementor-widget-container\">\n\t\t\t\t\t\t\t<p><strong>Aktuelle Situation im Hinblick auf die Skilifte und den Liftbetrieb:<\/strong><\/p><p>Die Liftsch\u00e4nke nebst Skilift(en) sind (nun auch formell) an die Fa. I&amp;T Immobilien GmbH \u00fcbergegangen, ebenso die entsprechenden Pachtvertr\u00e4ge f\u00fcr den Skihang und die Liftfl\u00e4chen. Die \u201eLiftgemeinschaft\u201c, als vorherige Eigent\u00fcmerin, ist aufgel\u00f6st. Hinter der neuen Eigent\u00fcmerin, der Fa. I&amp;T Immobilien GmbH, steht Jan Strackbein (selbst auch Mitglied im Skiverein), der die Liftsch\u00e4nke derzeit zu einem Seminarzentrum mit kleiner Gastronomie umbaut. Mit einer Fertigstellung\/Er\u00f6ffnung ist ca. Mitte 2025 zu rechnen.<\/p><p>Mit den Liftanlagen sieht es wir folgt aus: Einer der beiden Lifte ist zwischenzeitlich abgebaut, er musste den Umbauma\u00dfnahmen an der Liftsch\u00e4nke weichen. Der verbliebene Schlepplift ist aus technischen Gr\u00fcnden derzeit nicht betriebsbereit. F\u00fcr die notwendige technische Sanierung wird, ganz grob, mit einer Investition in der Gr\u00f6\u00dfenordnung von 100 TEUR bis 150 TEUR gerechnet. Diese Investition w\u00e4re vom Eigent\u00fcmer zu erbringen, oder ggfs. auch durch den Skiverein im Rahmen eines langfristigen Pachtvertrages, der f\u00fcr die Beantragung von F\u00f6rderma\u00dfnahmen notwendig gewesen w\u00e4re. Der Skiverein hat sich allerdings aus finanziellen und organisatorischen Gr\u00fcnden gegen letztere L\u00f6sung entschieden. Damit verbleibt eine Entscheidung, ob (und ggfs. wann) eine Sanierung des verblieben Schlepplifts in Angriff genommen wird, bei der Eigent\u00fcmerin, also bei I&amp;T Immobilien GmbH. Als Alternative zum Lift denkt Jan Strackbein zur alpinen Nutzung des Skihangs im Winter (und auch f\u00fcr einen evtl. Sommerbetrieb) \u00fcber einen sogenannten \u201eZauberteppich\u201c, als Transportmittel f\u00fcr Skifahrer nach. Das Projekt l\u00e4uft unter der Regie von Jan Strackbein \u00fcber einen F\u00f6rderverein, der die Ganzjahresnutzung des Gebiets Giller f\u00f6rdern soll.<\/p><p>Wie es auch werden wird, Skiverein und Jan Strackbein sind in engem Austausch und gegenseitiger Bereitschaft zur Kooperation. Wir als Skiverein haben Jan Strackbein zugesagt, den Winterbetrieb eines ggfs. sanierten und wieder in Betrieb gesetzten Lifts (oder des \u201eZauberteppichs\u201c) organisatorisch und personell zu \u00fcbernehmen. Das gilt auch f\u00fcr das Pr\u00e4parieren des Skihangs durch den vereinseigenen Pistenbulli.<\/p><p>Nun brauchen wir also nur noch viel Schnee, gute Entscheidungen und Unterst\u00fctzung und Erfolg f\u00fcr die angesto\u00dfenen F\u00f6rderma\u00dfnahmen.<\/p><p>Bei Fragen und Anregungen meldet Euch bitte gerne bei Helmut Treude, Melanie Rohrbach oder Stephan Neef.<\/p>\t\t\t\t\t\t<\/div>\n\t\t\t\t<\/div>\n\t\t\t\t\t<\/div>\n\t\t<\/div>\n\t\t\t\t\t<\/div>\n\t\t<\/section>\n\t\t\t\t<\/div>\n\t\t","protected":false},"excerpt":{"rendered":"<p>Der Winter naht und bringt uns hoffentlich auch auf der L\u00fctzel mal wieder ein paar ordentliche Schneetage! Anl\u00e4sslich der JHV<\/p>\n","protected":false},"author":4,"featured_media":2971,"comment_status":"closed","ping_status":"open","sticky":false,"template":"","format":"standard","meta":{"footnotes":""},"categories":[6],"tags":[],"class_list":["post-2970","post","type-post","status-publish","format-standard","has-post-thumbnail","hentry","category-aktuelles"],"_links":{"self":[{"href":"https:\/\/www.skiverein-luetzel.de\/index.php?rest_route=\/wp\/v2\/posts\/2970","targetHints":{"allow":["GET"]}}],"collection":[{"href":"https:\/\/www.skiverein-luetzel.de\/index.php?rest_route=\/wp\/v2\/posts"}],"about":[{"href":"https:\/\/www.skiverein-luetzel.de\/index.php?rest_route=\/wp\/v2\/types\/post"}],"author":[{"embeddable":true,"href":"https:\/\/www.skiverein-luetzel.de\/index.php?rest_route=\/wp\/v2\/users\/4"}],"replies":[{"embeddable":true,"href":"https:\/\/www.skiverein-luetzel.de\/index.php?rest_route=%2Fwp%2Fv2%2Fcomments&post=2970"}],"version-history":[{"count":7,"href":"https:\/\/www.skiverein-luetzel.de\/index.php?rest_route=\/wp\/v2\/posts\/2970\/revisions"}],"predecessor-version":[{"id":2979,"href":"https:\/\/www.skiverein-luetzel.de\/index.php?rest_route=\/wp\/v2\/posts\/2970\/revisions\/2979"}],"wp:featuredmedia":[{"embeddable":true,"href":"https:\/\/www.skiverein-luetzel.de\/index.php?rest_route=\/wp\/v2\/media\/2971"}],"wp:attachment":[{"href":"https:\/\/www.skiverein-luetzel.de\/index.php?rest_route=%2Fwp%2Fv2%2Fmedia&parent=2970"}],"wp:term":[{"taxonomy":"category","embeddable":true,"href":"https:\/\/www.skiverein-luetzel.de\/index.php?rest_route=%2Fwp%2Fv2%2Fcategories&post=2970"},{"taxonomy":"post_tag","embeddable":true,"href":"https:\/\/www.skiverein-luetzel.de\/index.php?rest_route=%2Fwp%2Fv2%2Ftags&post=2970"}],"curies":[{"name":"wp","href":"https:\/\/api.w.org\/{rel}","templated":true}]}}