{"id":2909,"date":"2024-09-01T12:41:00","date_gmt":"2024-09-01T10:41:00","guid":{"rendered":"https:\/\/www.skiverein-luetzel.de\/?p=2909"},"modified":"2024-09-01T12:41:58","modified_gmt":"2024-09-01T10:41:58","slug":"mitgliederversammlung","status":"publish","type":"post","link":"https:\/\/www.skiverein-luetzel.de\/?p=2909","title":{"rendered":"Mitgliederversammlung"},"content":{"rendered":"\t\t<div data-elementor-type=\"wp-post\" data-elementor-id=\"2909\" class=\"elementor elementor-2909\">\n\t\t\t\t\t\t<section class=\"elementor-section elementor-top-section elementor-element elementor-element-0fdbe65 elementor-section-boxed elementor-section-height-default elementor-section-height-default\" data-id=\"0fdbe65\" data-element_type=\"section\">\n\t\t\t\t\t\t<div class=\"elementor-container elementor-column-gap-default\">\n\t\t\t\t\t<div class=\"elementor-column elementor-col-100 elementor-top-column elementor-element elementor-element-6425a02\" data-id=\"6425a02\" data-element_type=\"column\">\n\t\t\t<div class=\"elementor-widget-wrap elementor-element-populated\">\n\t\t\t\t\t\t<div class=\"elementor-element elementor-element-1450a58 elementor-widget elementor-widget-text-editor\" data-id=\"1450a58\" data-element_type=\"widget\" data-widget_type=\"text-editor.default\">\n\t\t\t\t<div class=\"elementor-widget-container\">\n\t\t\t\t\t\t\t<p><strong>Mitgliederversammlung des Skivereins L\u00fctzel e.V. w\u00e4hlt am 22.05.2024 neuen Vorstand<\/strong><\/p><p>Bei der ordentlichen Mitgliederversammlung unseres Vereins 22.05.2024 wurde ein Teil des Vorstands turnusm\u00e4\u00dfig neu gew\u00e4hlt. In den Vorstand wird man bei uns f\u00fcr 2 Jahre gew\u00e4hlt. Immer ca. die H\u00e4lfte aller Vorstandsmitglieder steht somit jedes Jahr zur Wahl. <br \/>Zur Besetzung standen in diesem Jahr folgende Vorstandsposten, die wie folgt durch g\u00fcltige Wahl der anwesenden Mitglieder besetzt wurden:<\/p><ul><li><strong>1. Vorsitzender*in<\/strong> <br \/>Stephan Neef<\/li><li><strong>2. Schriftf\u00fchrer*in<\/strong><br \/>Johanna W\u00f6rster<\/li><li><strong>Sportwart*in Nordisch<\/strong> <br \/>Harald Treude<\/li><li><strong>Sportwart*in Alpin<\/strong> <br \/>Benjamin W\u00f6rster<\/li><li><strong>1. Beisitzer*in<\/strong> <br \/>Manuel Menn<\/li><li><strong>2. Beisitzer*in<\/strong> <br \/>Sabrina Br\u00fcning<\/li><\/ul><p>Stephan Neef hat mit der Annahme seiner Wiederwahl angek\u00fcndigt, dass er das Amt des 1. Vorsitzenden nur noch maximal ein Jahr, d.h. bis zur Mitgliederversammlung 2025 aus\u00fcben m\u00f6chte. Er hat Mitglieder und Vorstand aufgerufen \u2013 auch im Rahmen der Initiative \u201eJunger Vorstand\u201c-, verst\u00e4rkt \u201eAusschau\u201c nach einer\/einem neuen Vorsitzenden zu halten. <br \/>Die komplette Vorstandliste findet ihr unter \u201eVerein\u201c und \u201eVorstand\u201c &#8211; und die Gesichter dazu demn\u00e4chst hier auf einem \u201eVorstandsfoto\u201c.<\/p>\t\t\t\t\t\t<\/div>\n\t\t\t\t<\/div>\n\t\t\t\t\t<\/div>\n\t\t<\/div>\n\t\t\t\t\t<\/div>\n\t\t<\/section>\n\t\t\t\t<\/div>\n\t\t","protected":false},"excerpt":{"rendered":"<p>Mitgliederversammlung des Skivereins L\u00fctzel e.V. w\u00e4hlt am 22.05.2024 neuen Vorstand Bei der ordentlichen Mitgliederversammlung unseres Vereins 22.05.2024 wurde ein Teil<\/p>\n","protected":false},"author":4,"featured_media":2910,"comment_status":"closed","ping_status":"open","sticky":false,"template":"","format":"standard","meta":{"footnotes":""},"categories":[6],"tags":[],"class_list":["post-2909","post","type-post","status-publish","format-standard","has-post-thumbnail","hentry","category-aktuelles"],"_links":{"self":[{"href":"https:\/\/www.skiverein-luetzel.de\/index.php?rest_route=\/wp\/v2\/posts\/2909","targetHints":{"allow":["GET"]}}],"collection":[{"href":"https:\/\/www.skiverein-luetzel.de\/index.php?rest_route=\/wp\/v2\/posts"}],"about":[{"href":"https:\/\/www.skiverein-luetzel.de\/index.php?rest_route=\/wp\/v2\/types\/post"}],"author":[{"embeddable":true,"href":"https:\/\/www.skiverein-luetzel.de\/index.php?rest_route=\/wp\/v2\/users\/4"}],"replies":[{"embeddable":true,"href":"https:\/\/www.skiverein-luetzel.de\/index.php?rest_route=%2Fwp%2Fv2%2Fcomments&post=2909"}],"version-history":[{"count":4,"href":"https:\/\/www.skiverein-luetzel.de\/index.php?rest_route=\/wp\/v2\/posts\/2909\/revisions"}],"predecessor-version":[{"id":2914,"href":"https:\/\/www.skiverein-luetzel.de\/index.php?rest_route=\/wp\/v2\/posts\/2909\/revisions\/2914"}],"wp:featuredmedia":[{"embeddable":true,"href":"https:\/\/www.skiverein-luetzel.de\/index.php?rest_route=\/wp\/v2\/media\/2910"}],"wp:attachment":[{"href":"https:\/\/www.skiverein-luetzel.de\/index.php?rest_route=%2Fwp%2Fv2%2Fmedia&parent=2909"}],"wp:term":[{"taxonomy":"category","embeddable":true,"href":"https:\/\/www.skiverein-luetzel.de\/index.php?rest_route=%2Fwp%2Fv2%2Fcategories&post=2909"},{"taxonomy":"post_tag","embeddable":true,"href":"https:\/\/www.skiverein-luetzel.de\/index.php?rest_route=%2Fwp%2Fv2%2Ftags&post=2909"}],"curies":[{"name":"wp","href":"https:\/\/api.w.org\/{rel}","templated":true}]}}