{"id":2874,"date":"2024-06-18T20:12:03","date_gmt":"2024-06-18T18:12:03","guid":{"rendered":"https:\/\/www.skiverein-luetzel.de\/?p=2874"},"modified":"2024-06-18T20:42:15","modified_gmt":"2024-06-18T18:42:15","slug":"sommerfest-2","status":"publish","type":"post","link":"https:\/\/www.skiverein-luetzel.de\/?p=2874","title":{"rendered":"Sommerfest"},"content":{"rendered":"\t\t<div data-elementor-type=\"wp-post\" data-elementor-id=\"2874\" class=\"elementor elementor-2874\">\n\t\t\t\t\t\t<section class=\"elementor-section elementor-top-section elementor-element elementor-element-b530a26 elementor-section-boxed elementor-section-height-default elementor-section-height-default\" data-id=\"b530a26\" data-element_type=\"section\">\n\t\t\t\t\t\t<div class=\"elementor-container elementor-column-gap-default\">\n\t\t\t\t\t<div class=\"elementor-column elementor-col-100 elementor-top-column elementor-element elementor-element-b6898fb\" data-id=\"b6898fb\" data-element_type=\"column\">\n\t\t\t<div class=\"elementor-widget-wrap elementor-element-populated\">\n\t\t\t\t\t\t<div class=\"elementor-element elementor-element-76b2459 elementor-widget elementor-widget-text-editor\" data-id=\"76b2459\" data-element_type=\"widget\" data-widget_type=\"text-editor.default\">\n\t\t\t\t<div class=\"elementor-widget-container\">\n\t\t\t\t\t\t\t<p>Dieses Jahr wollen wir wieder unser Sommerfest am <strong>Badeweiher<\/strong> veranstalten. Es soll am <strong>06.07.2024 um 13:30 Uhr<\/strong> starten. Euch erwartet ein spannendes Programm, wie: <strong>Biathlon<\/strong>, Indiaca, eine H\u00fcpfburg, <strong>Kinderschminken<\/strong>, Fu\u00dfball sowie <strong>Schwimmen<\/strong>. F\u00fcr das leibliche Wohl ist bestens gesorgt! Es werden Waffeln gebacken, etwas sp\u00e4ter wird gegrillt und und am Abend k\u00f6nnen Stockbrote und Marshmallows am Feuer gemacht werden. Wir freuen uns auf zahlreiche Besucher und eine tolle gemeinsame Zeit!<\/p><p><strong>F\u00fcr alle Fu\u00dfballbegeisterten, wird dieses Jahr eine Leinwand aufgebaut und am Abend ein Public Viewing der EM veranstaltet!<\/strong><\/p>\t\t\t\t\t\t<\/div>\n\t\t\t\t<\/div>\n\t\t\t\t\t<\/div>\n\t\t<\/div>\n\t\t\t\t\t<\/div>\n\t\t<\/section>\n\t\t\t\t<\/div>\n\t\t","protected":false},"excerpt":{"rendered":"<p>Dieses Jahr wollen wir wieder unser Sommerfest am Badeweiher veranstalten. Es soll am 06.07.2024 um 13:30 Uhr starten. Euch erwartet<\/p>\n","protected":false},"author":7,"featured_media":2877,"comment_status":"closed","ping_status":"open","sticky":false,"template":"","format":"standard","meta":{"footnotes":""},"categories":[6],"tags":[],"class_list":["post-2874","post","type-post","status-publish","format-standard","has-post-thumbnail","hentry","category-aktuelles"],"_links":{"self":[{"href":"https:\/\/www.skiverein-luetzel.de\/index.php?rest_route=\/wp\/v2\/posts\/2874","targetHints":{"allow":["GET"]}}],"collection":[{"href":"https:\/\/www.skiverein-luetzel.de\/index.php?rest_route=\/wp\/v2\/posts"}],"about":[{"href":"https:\/\/www.skiverein-luetzel.de\/index.php?rest_route=\/wp\/v2\/types\/post"}],"author":[{"embeddable":true,"href":"https:\/\/www.skiverein-luetzel.de\/index.php?rest_route=\/wp\/v2\/users\/7"}],"replies":[{"embeddable":true,"href":"https:\/\/www.skiverein-luetzel.de\/index.php?rest_route=%2Fwp%2Fv2%2Fcomments&post=2874"}],"version-history":[{"count":10,"href":"https:\/\/www.skiverein-luetzel.de\/index.php?rest_route=\/wp\/v2\/posts\/2874\/revisions"}],"predecessor-version":[{"id":2887,"href":"https:\/\/www.skiverein-luetzel.de\/index.php?rest_route=\/wp\/v2\/posts\/2874\/revisions\/2887"}],"wp:featuredmedia":[{"embeddable":true,"href":"https:\/\/www.skiverein-luetzel.de\/index.php?rest_route=\/wp\/v2\/media\/2877"}],"wp:attachment":[{"href":"https:\/\/www.skiverein-luetzel.de\/index.php?rest_route=%2Fwp%2Fv2%2Fmedia&parent=2874"}],"wp:term":[{"taxonomy":"category","embeddable":true,"href":"https:\/\/www.skiverein-luetzel.de\/index.php?rest_route=%2Fwp%2Fv2%2Fcategories&post=2874"},{"taxonomy":"post_tag","embeddable":true,"href":"https:\/\/www.skiverein-luetzel.de\/index.php?rest_route=%2Fwp%2Fv2%2Ftags&post=2874"}],"curies":[{"name":"wp","href":"https:\/\/api.w.org\/{rel}","templated":true}]}}