{"id":2806,"date":"2024-03-27T21:55:05","date_gmt":"2024-03-27T20:55:05","guid":{"rendered":"https:\/\/www.skiverein-luetzel.de\/?p=2806"},"modified":"2024-09-01T12:42:31","modified_gmt":"2024-09-01T10:42:31","slug":"einladung-jahreshauptversammlung-2024","status":"publish","type":"post","link":"https:\/\/www.skiverein-luetzel.de\/?p=2806","title":{"rendered":"Verschiebung der Jahreshauptversammlung 2024"},"content":{"rendered":"\t\t<div data-elementor-type=\"wp-post\" data-elementor-id=\"2806\" class=\"elementor elementor-2806\">\n\t\t\t\t\t\t<section class=\"elementor-section elementor-top-section elementor-element elementor-element-bd4aa44 elementor-section-boxed elementor-section-height-default elementor-section-height-default\" data-id=\"bd4aa44\" data-element_type=\"section\">\n\t\t\t\t\t\t<div class=\"elementor-container elementor-column-gap-default\">\n\t\t\t\t\t<div class=\"elementor-column elementor-col-100 elementor-top-column elementor-element elementor-element-6199923\" data-id=\"6199923\" data-element_type=\"column\">\n\t\t\t<div class=\"elementor-widget-wrap elementor-element-populated\">\n\t\t\t\t\t\t<div class=\"elementor-element elementor-element-960ab84 elementor-widget elementor-widget-text-editor\" data-id=\"960ab84\" data-element_type=\"widget\" data-widget_type=\"text-editor.default\">\n\t\t\t\t<div class=\"elementor-widget-container\">\n\t\t\t\t\t\t\t<hr \/><p>Liebes Vereinsmitglied,<\/p><p>wir trauern gerade mit den Familien Treude um den allzu fr\u00fchen Tod unseres Sport- und Vereinskameraden J\u00fcrgen Treude, der am vergangenen Samstag pl\u00f6tzlich und unerwartet verstorben ist. In Respekt und Mitgef\u00fchl mit den Angeh\u00f6rigen, insbesondere mit Helmut, Melanie und Harald in unserem Vorstand, haben wir beschlossen, die f\u00fcr den 24.04.2024 geplante Mitgliederversammlung abzusagen und neu anzusetzen.<br \/>Wir laden hiermit fristgerecht zur verschobenen Mitgliederversammlung des Skivereins L\u00fctzel e.V. f\u00fcr<\/p><h3>Mittwoch, 22.05.2024 um 19:30 Uhr<br \/>in der Alten Schule L\u00fctzel<\/h3><p>begr\u00fc\u00dfen zu d\u00fcrfen. Die Versammlung findet in der Pausenhalle statt, dazu wird der untere Eingang benutzt.<\/p>\t\t\t\t\t\t<\/div>\n\t\t\t\t<\/div>\n\t\t\t\t\t<\/div>\n\t\t<\/div>\n\t\t\t\t\t<\/div>\n\t\t<\/section>\n\t\t\t\t<section class=\"elementor-section elementor-top-section elementor-element elementor-element-57842e1 elementor-section-boxed elementor-section-height-default elementor-section-height-default\" data-id=\"57842e1\" data-element_type=\"section\">\n\t\t\t\t\t\t<div class=\"elementor-container elementor-column-gap-default\">\n\t\t\t\t\t<div class=\"elementor-column elementor-col-100 elementor-top-column elementor-element elementor-element-1398814\" data-id=\"1398814\" data-element_type=\"column\">\n\t\t\t<div class=\"elementor-widget-wrap elementor-element-populated\">\n\t\t\t\t\t\t<div class=\"elementor-element elementor-element-a9603d7 elementor-widget-divider--view-line elementor-widget elementor-widget-divider\" data-id=\"a9603d7\" data-element_type=\"widget\" data-widget_type=\"divider.default\">\n\t\t\t\t<div class=\"elementor-widget-container\">\n\t\t\t\t\t<div class=\"elementor-divider\">\n\t\t\t<span class=\"elementor-divider-separator\">\n\t\t\t\t\t\t<\/span>\n\t\t<\/div>\n\t\t\t\t<\/div>\n\t\t\t\t<\/div>\n\t\t\t\t\t<\/div>\n\t\t<\/div>\n\t\t\t\t\t<\/div>\n\t\t<\/section>\n\t\t\t\t<section class=\"elementor-section elementor-top-section elementor-element elementor-element-39b955d elementor-section-boxed elementor-section-height-default elementor-section-height-default\" data-id=\"39b955d\" data-element_type=\"section\">\n\t\t\t\t\t\t<div class=\"elementor-container elementor-column-gap-default\">\n\t\t\t\t\t<div class=\"elementor-column elementor-col-100 elementor-top-column elementor-element elementor-element-f540816\" data-id=\"f540816\" data-element_type=\"column\">\n\t\t\t<div class=\"elementor-widget-wrap elementor-element-populated\">\n\t\t\t\t\t\t<div class=\"elementor-element elementor-element-65b5207 elementor-widget elementor-widget-text-editor\" data-id=\"65b5207\" data-element_type=\"widget\" data-widget_type=\"text-editor.default\">\n\t\t\t\t<div class=\"elementor-widget-container\">\n\t\t\t\t\t\t\t<h4>Tagesordnung:<\/h4><ol><li>Begr\u00fc\u00dfung<\/li><li>Feststellung der ordnungsgem\u00e4\u00dfen Einladung und der Beschlussf\u00e4higkeit<\/li><li>Gedenken an verstorbene Mitglieder<\/li><li>Genehmigung des Protokolls der Jahreshauptversammlung vom 19.04.2023<\/li><li>Ehrungen<\/li><li>Berichte des Vorstandes und der Sportwarte<\/li><li>Kassenbericht und Entlastung des Vorstandes durch die Versammlung<\/li><li>Initiative \u201cJunger Vorstand\u201d<\/li><li>Wahlen:<ul><li>1. Vorsitzender*in &#8211; bisher Stephan Neef<\/li><li>2. Schriftf\u00fchrer*in &#8211; bisher Johanna W\u00f6rster<\/li><li>Sportwart*in Alpin &#8211; bisher Benjamin W\u00f6rster<\/li><li>1. Beisitzer*in &#8211; aktuell vakant<\/li><li>2. Beisitzer*in &#8211; bisher Sabrina Br\u00fcning<\/li><li>Sportwart*in nordisch &#8211; bisher Harald Treude<\/li><li>Kassenpr\u00fcfer*in &#8211; Almut W\u00f6rster scheidet turnusm\u00e4\u00dfig aus<\/li><\/ul><\/li><li>Termine 2024<\/li><li>Verschiedenes und Mitgliederantr\u00e4ge<\/li><\/ol><p><a href=\"https:\/\/www.skiverein-luetzel.de\/wp-content\/uploads\/2024\/03\/JHV-Einladung-2024.pdf\" target=\"_blank\" rel=\"noopener\">Die Einladung kann hier als PDF heruntergeladen werden<\/a><\/p><p>Antr\u00e4ge an die Versammlung sind bis zum 17.04.2024 schriftlich beim 1.Vorsitzenden oder per E-Mail an info@skiverein-luetzel.de einzureichen. Wir freuen uns auf einen produktiven und geselligen Abend.<\/p><p>Mit sportlichem Gru\u00df<br \/>Euer Vorstand<\/p>\t\t\t\t\t\t<\/div>\n\t\t\t\t<\/div>\n\t\t\t\t\t<\/div>\n\t\t<\/div>\n\t\t\t\t\t<\/div>\n\t\t<\/section>\n\t\t\t\t<\/div>\n\t\t","protected":false},"excerpt":{"rendered":"<p>Liebes Vereinsmitglied, wir trauern gerade mit den Familien Treude um den allzu fr\u00fchen Tod unseres Sport- und Vereinskameraden J\u00fcrgen Treude,<\/p>\n","protected":false},"author":4,"featured_media":2835,"comment_status":"closed","ping_status":"open","sticky":false,"template":"","format":"standard","meta":{"footnotes":""},"categories":[6],"tags":[],"class_list":["post-2806","post","type-post","status-publish","format-standard","has-post-thumbnail","hentry","category-aktuelles"],"_links":{"self":[{"href":"https:\/\/www.skiverein-luetzel.de\/index.php?rest_route=\/wp\/v2\/posts\/2806","targetHints":{"allow":["GET"]}}],"collection":[{"href":"https:\/\/www.skiverein-luetzel.de\/index.php?rest_route=\/wp\/v2\/posts"}],"about":[{"href":"https:\/\/www.skiverein-luetzel.de\/index.php?rest_route=\/wp\/v2\/types\/post"}],"author":[{"embeddable":true,"href":"https:\/\/www.skiverein-luetzel.de\/index.php?rest_route=\/wp\/v2\/users\/4"}],"replies":[{"embeddable":true,"href":"https:\/\/www.skiverein-luetzel.de\/index.php?rest_route=%2Fwp%2Fv2%2Fcomments&post=2806"}],"version-history":[{"count":36,"href":"https:\/\/www.skiverein-luetzel.de\/index.php?rest_route=\/wp\/v2\/posts\/2806\/revisions"}],"predecessor-version":[{"id":2917,"href":"https:\/\/www.skiverein-luetzel.de\/index.php?rest_route=\/wp\/v2\/posts\/2806\/revisions\/2917"}],"wp:featuredmedia":[{"embeddable":true,"href":"https:\/\/www.skiverein-luetzel.de\/index.php?rest_route=\/wp\/v2\/media\/2835"}],"wp:attachment":[{"href":"https:\/\/www.skiverein-luetzel.de\/index.php?rest_route=%2Fwp%2Fv2%2Fmedia&parent=2806"}],"wp:term":[{"taxonomy":"category","embeddable":true,"href":"https:\/\/www.skiverein-luetzel.de\/index.php?rest_route=%2Fwp%2Fv2%2Fcategories&post=2806"},{"taxonomy":"post_tag","embeddable":true,"href":"https:\/\/www.skiverein-luetzel.de\/index.php?rest_route=%2Fwp%2Fv2%2Ftags&post=2806"}],"curies":[{"name":"wp","href":"https:\/\/api.w.org\/{rel}","templated":true}]}}