{"id":2702,"date":"2023-10-15T19:44:36","date_gmt":"2023-10-15T17:44:36","guid":{"rendered":"https:\/\/www.skiverein-luetzel.de\/?p=2702"},"modified":"2023-10-15T19:45:54","modified_gmt":"2023-10-15T17:45:54","slug":"einladung-laternenumzug-18-11-2023","status":"publish","type":"post","link":"https:\/\/www.skiverein-luetzel.de\/?p=2702","title":{"rendered":"Einladung Laternenumzug 18.11.2023"},"content":{"rendered":"\t\t<div data-elementor-type=\"wp-post\" data-elementor-id=\"2702\" class=\"elementor elementor-2702\">\n\t\t\t\t\t\t<section class=\"elementor-section elementor-top-section elementor-element elementor-element-8449376 elementor-section-boxed elementor-section-height-default elementor-section-height-default\" data-id=\"8449376\" data-element_type=\"section\">\n\t\t\t\t\t\t<div class=\"elementor-container elementor-column-gap-default\">\n\t\t\t\t\t<div class=\"elementor-column elementor-col-100 elementor-top-column elementor-element elementor-element-a111a65\" data-id=\"a111a65\" data-element_type=\"column\">\n\t\t\t<div class=\"elementor-widget-wrap elementor-element-populated\">\n\t\t\t\t\t\t<div class=\"elementor-element elementor-element-89965cf elementor-widget elementor-widget-heading\" data-id=\"89965cf\" data-element_type=\"widget\" data-widget_type=\"heading.default\">\n\t\t\t\t<div class=\"elementor-widget-container\">\n\t\t\t<h2 class=\"elementor-heading-title elementor-size-default\"><span style=\"color: rgb(0, 0, 0); font-family: var( --e-global-typography-primary-font-family ), Sans-serif; font-size: 32px; font-style: normal; font-variant-ligatures: normal; font-variant-caps: normal; font-weight: var( --e-global-typography-primary-font-weight ); white-space-collapse: collapse;\">Einladung Laternenumzug 18.11.2023<\/span><\/h2>\t\t<\/div>\n\t\t\t\t<\/div>\n\t\t\t\t\t<\/div>\n\t\t<\/div>\n\t\t\t\t\t<\/div>\n\t\t<\/section>\n\t\t\t\t<section class=\"elementor-section elementor-top-section elementor-element elementor-element-914f44c elementor-section-boxed elementor-section-height-default elementor-section-height-default\" data-id=\"914f44c\" data-element_type=\"section\">\n\t\t\t\t\t\t<div class=\"elementor-container elementor-column-gap-default\">\n\t\t\t\t\t<div class=\"elementor-column elementor-col-100 elementor-top-column elementor-element elementor-element-24443f9\" data-id=\"24443f9\" data-element_type=\"column\">\n\t\t\t<div class=\"elementor-widget-wrap elementor-element-populated\">\n\t\t\t\t\t\t<div class=\"elementor-element elementor-element-a3b0cab elementor-widget elementor-widget-text-editor\" data-id=\"a3b0cab\" data-element_type=\"widget\" data-widget_type=\"text-editor.default\">\n\t\t\t\t<div class=\"elementor-widget-container\">\n\t\t\t\t\t\t\t<p>Wir m\u00f6chten euch herzlich zu unserem diesj\u00e4hrigen Laternenumzug einladen.\u00a0 Wir treffen uns um 17:00 Uhr an der alten Schule.<\/p><p>Den Abend lassen wir bei hei\u00dfen Getr\u00e4nken und Stutenm\u00e4nnern gem\u00fctlich ausklingen.<\/p><p><strong>Wichtig: Die Stutenm\u00e4nner bitte bis zum 15.11.23 unter der Nummer: 02733 \/ 2495 vorbestellen.<\/strong>\u00a0\u00a0<\/p><p>WIR FREUEN UNS AUF EUCH<\/p>\t\t\t\t\t\t<\/div>\n\t\t\t\t<\/div>\n\t\t\t\t\t<\/div>\n\t\t<\/div>\n\t\t\t\t\t<\/div>\n\t\t<\/section>\n\t\t\t\t<\/div>\n\t\t","protected":false},"excerpt":{"rendered":"<p>Einladung Laternenumzug 18.11.2023 Wir m\u00f6chten euch herzlich zu unserem diesj\u00e4hrigen Laternenumzug einladen.\u00a0 Wir treffen uns um 17:00 Uhr an der<\/p>\n","protected":false},"author":4,"featured_media":1825,"comment_status":"closed","ping_status":"open","sticky":false,"template":"","format":"standard","meta":{"footnotes":""},"categories":[6],"tags":[],"class_list":["post-2702","post","type-post","status-publish","format-standard","has-post-thumbnail","hentry","category-aktuelles"],"_links":{"self":[{"href":"https:\/\/www.skiverein-luetzel.de\/index.php?rest_route=\/wp\/v2\/posts\/2702","targetHints":{"allow":["GET"]}}],"collection":[{"href":"https:\/\/www.skiverein-luetzel.de\/index.php?rest_route=\/wp\/v2\/posts"}],"about":[{"href":"https:\/\/www.skiverein-luetzel.de\/index.php?rest_route=\/wp\/v2\/types\/post"}],"author":[{"embeddable":true,"href":"https:\/\/www.skiverein-luetzel.de\/index.php?rest_route=\/wp\/v2\/users\/4"}],"replies":[{"embeddable":true,"href":"https:\/\/www.skiverein-luetzel.de\/index.php?rest_route=%2Fwp%2Fv2%2Fcomments&post=2702"}],"version-history":[{"count":4,"href":"https:\/\/www.skiverein-luetzel.de\/index.php?rest_route=\/wp\/v2\/posts\/2702\/revisions"}],"predecessor-version":[{"id":2706,"href":"https:\/\/www.skiverein-luetzel.de\/index.php?rest_route=\/wp\/v2\/posts\/2702\/revisions\/2706"}],"wp:featuredmedia":[{"embeddable":true,"href":"https:\/\/www.skiverein-luetzel.de\/index.php?rest_route=\/wp\/v2\/media\/1825"}],"wp:attachment":[{"href":"https:\/\/www.skiverein-luetzel.de\/index.php?rest_route=%2Fwp%2Fv2%2Fmedia&parent=2702"}],"wp:term":[{"taxonomy":"category","embeddable":true,"href":"https:\/\/www.skiverein-luetzel.de\/index.php?rest_route=%2Fwp%2Fv2%2Fcategories&post=2702"},{"taxonomy":"post_tag","embeddable":true,"href":"https:\/\/www.skiverein-luetzel.de\/index.php?rest_route=%2Fwp%2Fv2%2Ftags&post=2702"}],"curies":[{"name":"wp","href":"https:\/\/api.w.org\/{rel}","templated":true}]}}