{"id":2628,"date":"2023-07-19T11:57:04","date_gmt":"2023-07-19T09:57:04","guid":{"rendered":"https:\/\/www.skiverein-luetzel.de\/?p=2628"},"modified":"2023-07-22T15:41:47","modified_gmt":"2023-07-22T13:41:47","slug":"elementor-2628","status":"publish","type":"post","link":"https:\/\/www.skiverein-luetzel.de\/?p=2628","title":{"rendered":"Sommerfest"},"content":{"rendered":"\t\t<div data-elementor-type=\"wp-post\" data-elementor-id=\"2628\" class=\"elementor elementor-2628\">\n\t\t\t\t\t\t<section class=\"elementor-section elementor-top-section elementor-element elementor-element-31ea134 elementor-section-boxed elementor-section-height-default elementor-section-height-default\" data-id=\"31ea134\" data-element_type=\"section\">\n\t\t\t\t\t\t<div class=\"elementor-container elementor-column-gap-default\">\n\t\t\t\t\t<div class=\"elementor-column elementor-col-100 elementor-top-column elementor-element elementor-element-87f2d73\" data-id=\"87f2d73\" data-element_type=\"column\">\n\t\t\t<div class=\"elementor-widget-wrap elementor-element-populated\">\n\t\t\t\t\t\t<div class=\"elementor-element elementor-element-d36311f elementor-widget elementor-widget-heading\" data-id=\"d36311f\" data-element_type=\"widget\" data-widget_type=\"heading.default\">\n\t\t\t\t<div class=\"elementor-widget-container\">\n\t\t\t<h2 class=\"elementor-heading-title elementor-size-default\">Sommerfest <\/h2>\t\t<\/div>\n\t\t\t\t<\/div>\n\t\t\t\t\t<\/div>\n\t\t<\/div>\n\t\t\t\t\t<\/div>\n\t\t<\/section>\n\t\t\t\t<section class=\"elementor-section elementor-top-section elementor-element elementor-element-073cbc0 elementor-section-boxed elementor-section-height-default elementor-section-height-default\" data-id=\"073cbc0\" data-element_type=\"section\">\n\t\t\t\t\t\t<div class=\"elementor-container elementor-column-gap-default\">\n\t\t\t\t\t<div class=\"elementor-column elementor-col-100 elementor-top-column elementor-element elementor-element-ecbfb87\" data-id=\"ecbfb87\" data-element_type=\"column\">\n\t\t\t<div class=\"elementor-widget-wrap elementor-element-populated\">\n\t\t\t\t\t\t<div class=\"elementor-element elementor-element-5794d4f elementor-widget elementor-widget-text-editor\" data-id=\"5794d4f\" data-element_type=\"widget\" data-widget_type=\"text-editor.default\">\n\t\t\t\t<div class=\"elementor-widget-container\">\n\t\t\t\t\t\t\t<p><span style=\"font-weight: 400;\">Am 23.07.2023 ist es soweit, das Sommerfest des Skivereins findet wieder statt, diesmal am Badeweiher. Dieses Jahr in Zusammenarbeit\u00a0 mit der evangelischen Gemeinschaft L\u00fctzel, dem Heimatverein L\u00fctzel und der Feuerwehr. F\u00fcr reichlich Programm ist gesorgt. Starten wird das Sommerfest um 10 Uhr mit einem gemeinsamen Gottesdienst. Um 12 Uhr gibt es ein gemeinsames Mittagessen und um 15:30 Uhr Waffeln und Kaffee. Dazwischen wird es Aktivit\u00e4ten wie Kinderschminken, Dosenwerfen, Indiaca, Volleyball, Wasserrutschen und vieles mehr geben. Sitzm\u00f6glichkeiten, Geschirr und Besteck sind vorhanden. Wer m\u00f6chtel, kann sich gerne eigene Sitzgelegenheiten, Geschirr und Besteck mitbringen.\u00a0<\/span><\/p><p><span style=\"font-weight: 400;\">Toiletten sind ebenfalls vor Ort. Wir hoffen auf viele Besucher und freuen uns auf ein tolles Fest!<\/span><\/p><p>\u00a0<\/p><p>UPDATE:<\/p><p>Aufgrund der Wettervorhersage f\u00fcr Sonntag findet das Sommerfest nicht, wie geplant am Badenweilerer, sondern am Gemeindehaus statt.<\/p>\t\t\t\t\t\t<\/div>\n\t\t\t\t<\/div>\n\t\t\t\t\t<\/div>\n\t\t<\/div>\n\t\t\t\t\t<\/div>\n\t\t<\/section>\n\t\t\t\t<\/div>\n\t\t","protected":false},"excerpt":{"rendered":"<p>Sommerfest Am 23.07.2023 ist es soweit, das Sommerfest des Skivereins findet wieder statt, diesmal am Badeweiher. Dieses Jahr in Zusammenarbeit&nbsp;<\/p>\n","protected":false},"author":7,"featured_media":2644,"comment_status":"closed","ping_status":"open","sticky":false,"template":"","format":"standard","meta":{"footnotes":""},"categories":[6],"tags":[],"class_list":["post-2628","post","type-post","status-publish","format-standard","has-post-thumbnail","hentry","category-aktuelles"],"_links":{"self":[{"href":"https:\/\/www.skiverein-luetzel.de\/index.php?rest_route=\/wp\/v2\/posts\/2628","targetHints":{"allow":["GET"]}}],"collection":[{"href":"https:\/\/www.skiverein-luetzel.de\/index.php?rest_route=\/wp\/v2\/posts"}],"about":[{"href":"https:\/\/www.skiverein-luetzel.de\/index.php?rest_route=\/wp\/v2\/types\/post"}],"author":[{"embeddable":true,"href":"https:\/\/www.skiverein-luetzel.de\/index.php?rest_route=\/wp\/v2\/users\/7"}],"replies":[{"embeddable":true,"href":"https:\/\/www.skiverein-luetzel.de\/index.php?rest_route=%2Fwp%2Fv2%2Fcomments&post=2628"}],"version-history":[{"count":9,"href":"https:\/\/www.skiverein-luetzel.de\/index.php?rest_route=\/wp\/v2\/posts\/2628\/revisions"}],"predecessor-version":[{"id":2645,"href":"https:\/\/www.skiverein-luetzel.de\/index.php?rest_route=\/wp\/v2\/posts\/2628\/revisions\/2645"}],"wp:featuredmedia":[{"embeddable":true,"href":"https:\/\/www.skiverein-luetzel.de\/index.php?rest_route=\/wp\/v2\/media\/2644"}],"wp:attachment":[{"href":"https:\/\/www.skiverein-luetzel.de\/index.php?rest_route=%2Fwp%2Fv2%2Fmedia&parent=2628"}],"wp:term":[{"taxonomy":"category","embeddable":true,"href":"https:\/\/www.skiverein-luetzel.de\/index.php?rest_route=%2Fwp%2Fv2%2Fcategories&post=2628"},{"taxonomy":"post_tag","embeddable":true,"href":"https:\/\/www.skiverein-luetzel.de\/index.php?rest_route=%2Fwp%2Fv2%2Ftags&post=2628"}],"curies":[{"name":"wp","href":"https:\/\/api.w.org\/{rel}","templated":true}]}}