{"id":2534,"date":"2023-09-19T19:49:25","date_gmt":"2023-09-19T17:49:25","guid":{"rendered":"https:\/\/www.skiverein-luetzel.de\/?p=2534"},"modified":"2023-09-21T16:45:10","modified_gmt":"2023-09-21T14:45:10","slug":"einladung-zur-jahreshauptversammlung-2023-2","status":"publish","type":"post","link":"https:\/\/www.skiverein-luetzel.de\/?p=2534","title":{"rendered":"Jahreshauptversammlung 2023\u200b"},"content":{"rendered":"\t\t<div data-elementor-type=\"wp-post\" data-elementor-id=\"2534\" class=\"elementor elementor-2534\">\n\t\t\t\t\t\t<section class=\"elementor-section elementor-top-section elementor-element elementor-element-c2a0b9a elementor-section-boxed elementor-section-height-default elementor-section-height-default\" data-id=\"c2a0b9a\" data-element_type=\"section\">\n\t\t\t\t\t\t<div class=\"elementor-container elementor-column-gap-default\">\n\t\t\t\t\t<div class=\"elementor-column elementor-col-100 elementor-top-column elementor-element elementor-element-65abbde8\" data-id=\"65abbde8\" data-element_type=\"column\">\n\t\t\t<div class=\"elementor-widget-wrap elementor-element-populated\">\n\t\t\t\t\t\t<div class=\"elementor-element elementor-element-51e448c6 elementor-widget elementor-widget-heading\" data-id=\"51e448c6\" data-element_type=\"widget\" data-widget_type=\"heading.default\">\n\t\t\t\t<div class=\"elementor-widget-container\">\n\t\t\t<h2 class=\"elementor-heading-title elementor-size-default\">\nJahreshauptversammlung 2023<\/h2>\t\t<\/div>\n\t\t\t\t<\/div>\n\t\t\t\t\t<\/div>\n\t\t<\/div>\n\t\t\t\t\t<\/div>\n\t\t<\/section>\n\t\t\t\t<section class=\"elementor-section elementor-top-section elementor-element elementor-element-4042161 elementor-section-boxed elementor-section-height-default elementor-section-height-default\" data-id=\"4042161\" data-element_type=\"section\">\n\t\t\t\t\t\t<div class=\"elementor-container elementor-column-gap-default\">\n\t\t\t\t\t<div class=\"elementor-column elementor-col-100 elementor-top-column elementor-element elementor-element-af5560c\" data-id=\"af5560c\" data-element_type=\"column\">\n\t\t\t<div class=\"elementor-widget-wrap elementor-element-populated\">\n\t\t\t\t\t\t<div class=\"elementor-element elementor-element-280885e elementor-widget elementor-widget-text-editor\" data-id=\"280885e\" data-element_type=\"widget\" data-widget_type=\"text-editor.default\">\n\t\t\t\t<div class=\"elementor-widget-container\">\n\t\t\t\t\t\t\t<p>Hallo liebe Vereinsmitglieder,\u00a0\u00a0<\/p><p>die Versammlung wurde am 19.04.2023 erfolgreich abgehalten. Das Protokoll zu der Versammlung k\u00f6nnt Ihr Euch hier herunterladen.\u00a0<\/p><p><strong><a href=\"https:\/\/www.skiverein-luetzel.de\/wp-content\/uploads\/2023\/09\/JHv_Protokoll.pdf\" target=\"_blank\" rel=\"noopener\">Protokoll Jahreshauptversammlung 2023<\/a><\/strong><\/p>\t\t\t\t\t\t<\/div>\n\t\t\t\t<\/div>\n\t\t\t\t<div class=\"elementor-element elementor-element-54430b2 elementor-widget elementor-widget-text-editor\" data-id=\"54430b2\" data-element_type=\"widget\" data-widget_type=\"text-editor.default\">\n\t\t\t\t<div class=\"elementor-widget-container\">\n\t\t\t\t\t\t\t<p style=\"font-family: Roboto, sans-serif;font-size: 16px;font-style: normal;font-weight: 400\">Liebe Vereinsmitglieder,<\/p><p style=\"font-family: Roboto, sans-serif;font-size: 16px;font-style: normal;font-weight: 400\">unsere diesj\u00e4hrige Jahreshauptversammlung wird am\u00a0<\/p>\t\t\t\t\t\t<\/div>\n\t\t\t\t<\/div>\n\t\t\t\t\t<\/div>\n\t\t<\/div>\n\t\t\t\t\t<\/div>\n\t\t<\/section>\n\t\t\t\t<section class=\"elementor-section elementor-top-section elementor-element elementor-element-6223c9c2 elementor-section-boxed elementor-section-height-default elementor-section-height-default\" data-id=\"6223c9c2\" data-element_type=\"section\">\n\t\t\t\t\t\t<div class=\"elementor-container elementor-column-gap-default\">\n\t\t\t\t\t<div class=\"elementor-column elementor-col-100 elementor-top-column elementor-element elementor-element-11a1464f\" data-id=\"11a1464f\" data-element_type=\"column\">\n\t\t\t<div class=\"elementor-widget-wrap elementor-element-populated\">\n\t\t\t\t\t\t<div class=\"elementor-element elementor-element-32d52c54 elementor-widget elementor-widget-text-editor\" data-id=\"32d52c54\" data-element_type=\"widget\" data-widget_type=\"text-editor.default\">\n\t\t\t\t<div class=\"elementor-widget-container\">\n\t\t\t\t\t\t\t<h2 style=\"text-align: center\"><strong>Mittwoch, 19.04.2023 um 19:30 Uhr<br \/><\/strong><strong>in der Alten Schule L\u00fctzel<\/strong><\/h2>\t\t\t\t\t\t<\/div>\n\t\t\t\t<\/div>\n\t\t\t\t\t<\/div>\n\t\t<\/div>\n\t\t\t\t\t<\/div>\n\t\t<\/section>\n\t\t\t\t<section class=\"elementor-section elementor-top-section elementor-element elementor-element-5c2f46f elementor-section-boxed elementor-section-height-default elementor-section-height-default\" data-id=\"5c2f46f\" data-element_type=\"section\">\n\t\t\t\t\t\t<div class=\"elementor-container elementor-column-gap-default\">\n\t\t\t\t\t<div class=\"elementor-column elementor-col-100 elementor-top-column elementor-element elementor-element-5900f2d\" data-id=\"5900f2d\" data-element_type=\"column\">\n\t\t\t<div class=\"elementor-widget-wrap elementor-element-populated\">\n\t\t\t\t\t\t<div class=\"elementor-element elementor-element-82a5236 elementor-widget elementor-widget-text-editor\" data-id=\"82a5236\" data-element_type=\"widget\" data-widget_type=\"text-editor.default\">\n\t\t\t\t<div class=\"elementor-widget-container\">\n\t\t\t\t\t\t\t<p><span style=\"font-family: Roboto, sans-serif;font-size: 16px;font-style: normal;font-weight: 400\">stattfinden. Wir freuen uns darauf, Euch m\u00f6glichst zahlreich dort begr\u00fc\u00dfen zu d\u00fcrfen.\u00a0Die Versammlung findet in der Pausenhalle statt, dazu wird der untere Eingang benutzt.<\/span><\/p>\t\t\t\t\t\t<\/div>\n\t\t\t\t<\/div>\n\t\t\t\t\t<\/div>\n\t\t<\/div>\n\t\t\t\t\t<\/div>\n\t\t<\/section>\n\t\t\t\t<section class=\"elementor-section elementor-top-section elementor-element elementor-element-37797096 elementor-section-boxed elementor-section-height-default elementor-section-height-default\" data-id=\"37797096\" data-element_type=\"section\">\n\t\t\t\t\t\t<div class=\"elementor-container elementor-column-gap-default\">\n\t\t\t\t\t<div class=\"elementor-column elementor-col-100 elementor-top-column elementor-element elementor-element-42a3796e\" data-id=\"42a3796e\" data-element_type=\"column\">\n\t\t\t<div class=\"elementor-widget-wrap elementor-element-populated\">\n\t\t\t\t\t\t<div class=\"elementor-element elementor-element-77baf128 elementor-widget elementor-widget-text-editor\" data-id=\"77baf128\" data-element_type=\"widget\" data-widget_type=\"text-editor.default\">\n\t\t\t\t<div class=\"elementor-widget-container\">\n\t\t\t\t\t\t\t<h3 style=\"font-style: normal\">Tagesordnung:<\/h3><ol><li>Begr\u00fc\u00dfung<\/li><li><span style=\"font-weight: normal\"><span style=\"font-size: 11.5pt;font-family: Arial;background-color: transparent;font-weight: 400;font-style: normal;font-variant: normal\">Feststellung der ordnungsgem\u00e4\u00dfen Einladung und der Beschlussf\u00e4higkeit<\/span><\/span><\/li><li>Genehmigung des Protokolls der Jahreshauptversammlung vom 15.05.2022<\/li><li>Ehrungen<\/li><li>Berichte des Vorstandes und der Sportwarte<\/li><li>Kassenbericht und Entlastung des Vorstandes durch die Versammlung<\/li><li>Wahlen:<ul><li style=\"list-style-type: none\"><ul><li>2. Vorsitzender*in &#8211; bisher Helmut Treude<\/li><li>Kassenwart*in\u00a0<span style=\"font-family: Roboto, sans-serif;font-size: 15px;font-style: normal;font-weight: 400\">&#8211;\u00a0<\/span>bisher Melanie Treude<\/li><li>1. Schriftf\u00fchrer*in\u00a0<span style=\"font-family: Roboto, sans-serif;font-size: 15px;font-style: normal;font-weight: 400\">&#8211;\u00a0<\/span>bisher Gerrit Baumgart<\/li><li>Jugendsportwart*in\u00a0<span style=\"font-family: Roboto, sans-serif;font-size: 15px;font-style: normal;font-weight: 400\">&#8211;\u00a0<\/span>bisher Sandra Halbfas<\/li><li>Frauenwart*in\u00a0<span style=\"font-family: Roboto, sans-serif;font-size: 15px;font-style: normal;font-weight: 400\">&#8211;\u00a0<\/span>bisher\u00a0Irmhild Neef<\/li><li>1. Beisitzer*in &#8211; bisher Dirk Becker<\/li><li>3. Beisitzer*in\u00a0<span style=\"font-family: Roboto, sans-serif;font-size: 15px;font-style: normal;font-weight: 400\">&#8211;\u00a0<\/span>bisher Jens Zimmermann<\/li><li>Sportwart*in nordisch\u00a0<span style=\"font-family: Roboto, sans-serif;font-size: 15px;font-style: normal;font-weight: 400\">&#8211;\u00a0<\/span>bisher Harald Treude<\/li><li>Kassenpr\u00fcfer*in &#8211; Erhard Fries scheidet turnusm\u00e4\u00dfig aus<\/li><\/ul><\/li><\/ul><\/li><li><span style=\"font-family: Roboto, sans-serif;font-size: 15px;font-style: normal;font-weight: 400;color: var( --e-global-color-text )\">Termine 2023:<\/span><ul><li style=\"list-style-type: none\"><ul><li>Osterfeuer 06.04.23<\/li><li>Vereinsmeisterschaft: Waldlauf 06.05.23<\/li><li>Sommerfest mit Badeweiher Einweihung 22.07.23<\/li><li>Laternenumzug 18.11.23<\/li><\/ul><\/li><\/ul><\/li><li>\u00a0Verschiedenes und Mitgliederantr\u00e4ge<\/li><\/ol><p>Antr\u00e4ge an die Versammlung sind bis zum 12.04.2023 schriftlich beim 1.Vorsitzenden oder per E-Mail an info@skiverein-luetzel.de einzureichen.<\/p><p><a href=\"https:\/\/www.skiverein-luetzel.de\/wp-content\/uploads\/2023\/03\/JHV-Einladung-2023-1.pdf\">\u2014 Die Einladung kann hier als PDF heruntergeladen werden.\u00a0<\/a><\/p>\t\t\t\t\t\t<\/div>\n\t\t\t\t<\/div>\n\t\t\t\t\t<\/div>\n\t\t<\/div>\n\t\t\t\t\t<\/div>\n\t\t<\/section>\n\t\t\t\t<section class=\"elementor-section elementor-top-section elementor-element elementor-element-579274a elementor-section-boxed elementor-section-height-default elementor-section-height-default\" data-id=\"579274a\" data-element_type=\"section\">\n\t\t\t\t\t\t<div class=\"elementor-container elementor-column-gap-default\">\n\t\t\t\t\t<div class=\"elementor-column elementor-col-50 elementor-top-column elementor-element elementor-element-f082eeb\" data-id=\"f082eeb\" data-element_type=\"column\">\n\t\t\t<div class=\"elementor-widget-wrap elementor-element-populated\">\n\t\t\t\t\t\t<div class=\"elementor-element elementor-element-034bb8e elementor-widget elementor-widget-text-editor\" data-id=\"034bb8e\" data-element_type=\"widget\" data-widget_type=\"text-editor.default\">\n\t\t\t\t<div class=\"elementor-widget-container\">\n\t\t\t\t\t\t\t<p style=\"font-family: Roboto, sans-serif;font-size: 16px;font-style: normal;font-weight: 400\">&nbsp;Wir freuen uns auf einen produktiven und geselligen Abend.<\/p><p style=\"font-family: Roboto, sans-serif;font-size: 16px;font-style: normal;font-weight: 400\"><span style=\"font-size: 16px;color: var( --e-global-color-text )\">Mit sportlichem Gru\u00df<\/span><\/p><p style=\"font-family: Roboto, sans-serif;font-size: 16px;font-style: normal;font-weight: 400\">Euer Vorstand<\/p>\t\t\t\t\t\t<\/div>\n\t\t\t\t<\/div>\n\t\t\t\t\t<\/div>\n\t\t<\/div>\n\t\t\t\t<div class=\"elementor-column elementor-col-50 elementor-top-column elementor-element elementor-element-6143a6b\" data-id=\"6143a6b\" data-element_type=\"column\">\n\t\t\t<div class=\"elementor-widget-wrap elementor-element-populated\">\n\t\t\t\t\t\t<div class=\"elementor-element elementor-element-79bb066 elementor-widget elementor-widget-image\" data-id=\"79bb066\" data-element_type=\"widget\" data-widget_type=\"image.default\">\n\t\t\t\t<div class=\"elementor-widget-container\">\n\t\t\t\t\t\t\t\t\t\t\t\t\t<img decoding=\"async\" width=\"160\" height=\"176\" src=\"https:\/\/www.skiverein-luetzel.de\/wp-content\/uploads\/2020\/11\/cropped-LogoWinterKlein.png\" class=\"attachment-medium_large size-medium_large wp-image-893\" alt=\"\" \/>\t\t\t\t\t\t\t\t\t\t\t\t\t<\/div>\n\t\t\t\t<\/div>\n\t\t\t\t\t<\/div>\n\t\t<\/div>\n\t\t\t\t\t<\/div>\n\t\t<\/section>\n\t\t\t\t<\/div>\n\t\t","protected":false},"excerpt":{"rendered":"<p>Jahreshauptversammlung 2023 Hallo liebe Vereinsmitglieder,\u00a0\u00a0 die Versammlung wurde am 19.04.2023 erfolgreich abgehalten. Das Protokoll zu der Versammlung k\u00f6nnt Ihr Euch<\/p>\n","protected":false},"author":4,"featured_media":2672,"comment_status":"closed","ping_status":"open","sticky":false,"template":"","format":"standard","meta":{"footnotes":""},"categories":[6],"tags":[],"class_list":["post-2534","post","type-post","status-publish","format-standard","has-post-thumbnail","hentry","category-aktuelles"],"_links":{"self":[{"href":"https:\/\/www.skiverein-luetzel.de\/index.php?rest_route=\/wp\/v2\/posts\/2534","targetHints":{"allow":["GET"]}}],"collection":[{"href":"https:\/\/www.skiverein-luetzel.de\/index.php?rest_route=\/wp\/v2\/posts"}],"about":[{"href":"https:\/\/www.skiverein-luetzel.de\/index.php?rest_route=\/wp\/v2\/types\/post"}],"author":[{"embeddable":true,"href":"https:\/\/www.skiverein-luetzel.de\/index.php?rest_route=\/wp\/v2\/users\/4"}],"replies":[{"embeddable":true,"href":"https:\/\/www.skiverein-luetzel.de\/index.php?rest_route=%2Fwp%2Fv2%2Fcomments&post=2534"}],"version-history":[{"count":37,"href":"https:\/\/www.skiverein-luetzel.de\/index.php?rest_route=\/wp\/v2\/posts\/2534\/revisions"}],"predecessor-version":[{"id":3131,"href":"https:\/\/www.skiverein-luetzel.de\/index.php?rest_route=\/wp\/v2\/posts\/2534\/revisions\/3131"}],"wp:featuredmedia":[{"embeddable":true,"href":"https:\/\/www.skiverein-luetzel.de\/index.php?rest_route=\/wp\/v2\/media\/2672"}],"wp:attachment":[{"href":"https:\/\/www.skiverein-luetzel.de\/index.php?rest_route=%2Fwp%2Fv2%2Fmedia&parent=2534"}],"wp:term":[{"taxonomy":"category","embeddable":true,"href":"https:\/\/www.skiverein-luetzel.de\/index.php?rest_route=%2Fwp%2Fv2%2Fcategories&post=2534"},{"taxonomy":"post_tag","embeddable":true,"href":"https:\/\/www.skiverein-luetzel.de\/index.php?rest_route=%2Fwp%2Fv2%2Ftags&post=2534"}],"curies":[{"name":"wp","href":"https:\/\/api.w.org\/{rel}","templated":true}]}}