{"id":2260,"date":"2022-06-07T22:31:27","date_gmt":"2022-06-07T20:31:27","guid":{"rendered":"https:\/\/www.skiverein-luetzel.de\/?p=2260"},"modified":"2022-07-07T21:24:17","modified_gmt":"2022-07-07T19:24:17","slug":"elementor-2260","status":"publish","type":"post","link":"https:\/\/www.skiverein-luetzel.de\/?p=2260","title":{"rendered":"Einladung zur Jahreshauptversammlung 2022"},"content":{"rendered":"\t\t<div data-elementor-type=\"wp-post\" data-elementor-id=\"2260\" class=\"elementor elementor-2260\">\n\t\t\t\t\t\t<section class=\"elementor-section elementor-top-section elementor-element elementor-element-4f7dad3 elementor-section-boxed elementor-section-height-default elementor-section-height-default\" data-id=\"4f7dad3\" data-element_type=\"section\">\n\t\t\t\t\t\t<div class=\"elementor-container elementor-column-gap-default\">\n\t\t\t\t\t<div class=\"elementor-column elementor-col-100 elementor-top-column elementor-element elementor-element-6da225f\" data-id=\"6da225f\" data-element_type=\"column\">\n\t\t\t<div class=\"elementor-widget-wrap elementor-element-populated\">\n\t\t\t\t\t\t<div class=\"elementor-element elementor-element-5f4fbe5 elementor-widget elementor-widget-heading\" data-id=\"5f4fbe5\" data-element_type=\"widget\" data-widget_type=\"heading.default\">\n\t\t\t\t<div class=\"elementor-widget-container\">\n\t\t\t<h2 class=\"elementor-heading-title elementor-size-default\">Einladung zur Jahreshauptversammlung 2022<\/h2>\t\t<\/div>\n\t\t\t\t<\/div>\n\t\t\t\t\t<\/div>\n\t\t<\/div>\n\t\t\t\t\t<\/div>\n\t\t<\/section>\n\t\t\t\t<section class=\"elementor-section elementor-top-section elementor-element elementor-element-d303f72 elementor-section-boxed elementor-section-height-default elementor-section-height-default\" data-id=\"d303f72\" data-element_type=\"section\">\n\t\t\t\t\t\t<div class=\"elementor-container elementor-column-gap-default\">\n\t\t\t\t\t<div class=\"elementor-column elementor-col-100 elementor-top-column elementor-element elementor-element-62c0e1d\" data-id=\"62c0e1d\" data-element_type=\"column\">\n\t\t\t<div class=\"elementor-widget-wrap elementor-element-populated\">\n\t\t\t\t\t\t<div class=\"elementor-element elementor-element-7c84f3a elementor-widget elementor-widget-text-editor\" data-id=\"7c84f3a\" data-element_type=\"widget\" data-widget_type=\"text-editor.default\">\n\t\t\t\t<div class=\"elementor-widget-container\">\n\t\t\t\t\t\t\t<h4><strong>&#8212;\u00a0 Update 07.07.2022 &#8212;\u00a0<\/strong><\/h4><p><a href=\"https:\/\/www.skiverein-luetzel.de\/wp-content\/uploads\/2022\/07\/Protokoll_Jahreshauptversammlung2022.pdf\">Hier findet Ihr das Protokoll zur Jahreshauptversammlung 2022\u00a0<\/a><\/p>\t\t\t\t\t\t<\/div>\n\t\t\t\t<\/div>\n\t\t\t\t<div class=\"elementor-element elementor-element-e899916 elementor-widget elementor-widget-text-editor\" data-id=\"e899916\" data-element_type=\"widget\" data-widget_type=\"text-editor.default\">\n\t\t\t\t<div class=\"elementor-widget-container\">\n\t\t\t\t\t\t\t<p>Liebe Vereinsmitglieder,<\/p>\n<p>unsere diesj\u00e4hrige Jahreshauptversammlung wird am\u00a0<\/p>\t\t\t\t\t\t<\/div>\n\t\t\t\t<\/div>\n\t\t\t\t\t<\/div>\n\t\t<\/div>\n\t\t\t\t\t<\/div>\n\t\t<\/section>\n\t\t\t\t<section class=\"elementor-section elementor-top-section elementor-element elementor-element-0400e5a elementor-section-boxed elementor-section-height-default elementor-section-height-default\" data-id=\"0400e5a\" data-element_type=\"section\">\n\t\t\t\t\t\t<div class=\"elementor-container elementor-column-gap-default\">\n\t\t\t\t\t<div class=\"elementor-column elementor-col-100 elementor-top-column elementor-element elementor-element-45df3f5\" data-id=\"45df3f5\" data-element_type=\"column\">\n\t\t\t<div class=\"elementor-widget-wrap elementor-element-populated\">\n\t\t\t\t\t\t<div class=\"elementor-element elementor-element-e3e53b1 elementor-widget elementor-widget-text-editor\" data-id=\"e3e53b1\" data-element_type=\"widget\" data-widget_type=\"text-editor.default\">\n\t\t\t\t<div class=\"elementor-widget-container\">\n\t\t\t\t\t\t\t<h3 style=\"text-align: center\">Donnerstag, 12.05.2022 um 18:30 Uhr<\/h3>\n<h3 style=\"text-align: center\"><span style=\"font-family: 'Open Sans', sans-serif;font-size: 34px;font-weight: normal\">in der Alten Schule L\u00fctzel<\/span><\/h3>\t\t\t\t\t\t<\/div>\n\t\t\t\t<\/div>\n\t\t\t\t\t<\/div>\n\t\t<\/div>\n\t\t\t\t\t<\/div>\n\t\t<\/section>\n\t\t\t\t<section class=\"elementor-section elementor-top-section elementor-element elementor-element-566f305 elementor-section-boxed elementor-section-height-default elementor-section-height-default\" data-id=\"566f305\" data-element_type=\"section\">\n\t\t\t\t\t\t<div class=\"elementor-container elementor-column-gap-default\">\n\t\t\t\t\t<div class=\"elementor-column elementor-col-100 elementor-top-column elementor-element elementor-element-f5d0ece\" data-id=\"f5d0ece\" data-element_type=\"column\">\n\t\t\t<div class=\"elementor-widget-wrap elementor-element-populated\">\n\t\t\t\t\t\t<div class=\"elementor-element elementor-element-3babf3c elementor-widget elementor-widget-text-editor\" data-id=\"3babf3c\" data-element_type=\"widget\" data-widget_type=\"text-editor.default\">\n\t\t\t\t<div class=\"elementor-widget-container\">\n\t\t\t\t\t\t\t<p>stattfinden. Wir freuen uns darauf Euch m\u00f6glichst zahlreich dort begr\u00fc\u00dfen zu d\u00fcrfen.\u00a0Die Versammlung findet in der Pausenhalle statt, dazu wird der untere Eingang benutzt. Bitte haltet euch hierf\u00fcr an die aktuell g\u00fcltigen Corona-Schutzma\u00dfnahmen und Hygieneregeln.<\/p>\t\t\t\t\t\t<\/div>\n\t\t\t\t<\/div>\n\t\t\t\t\t<\/div>\n\t\t<\/div>\n\t\t\t\t\t<\/div>\n\t\t<\/section>\n\t\t\t\t<section class=\"elementor-section elementor-top-section elementor-element elementor-element-d2bc7e3 elementor-section-boxed elementor-section-height-default elementor-section-height-default\" data-id=\"d2bc7e3\" data-element_type=\"section\">\n\t\t\t\t\t\t<div class=\"elementor-container elementor-column-gap-default\">\n\t\t\t\t\t<div class=\"elementor-column elementor-col-100 elementor-top-column elementor-element elementor-element-f3cf6d8\" data-id=\"f3cf6d8\" data-element_type=\"column\">\n\t\t\t<div class=\"elementor-widget-wrap elementor-element-populated\">\n\t\t\t\t\t\t<div class=\"elementor-element elementor-element-7807fb6 elementor-widget elementor-widget-text-editor\" data-id=\"7807fb6\" data-element_type=\"widget\" data-widget_type=\"text-editor.default\">\n\t\t\t\t<div class=\"elementor-widget-container\">\n\t\t\t\t\t\t\t<h3>Tagesordnung:<\/h3><p>\u00a0<\/p><ol><li style=\"font-weight: 400\"><span style=\"font-weight: 400\">Begr\u00fc\u00dfung<\/span><\/li><li style=\"font-weight: 400\"><span style=\"font-weight: 400\">Feststellung der ordnungsgem\u00e4\u00dfen Einladung und Beschlussf\u00e4higkeit<\/span><\/li><li style=\"font-weight: 400\"><span style=\"font-weight: 400\">Genehmigung des Protokolls der Jahreshauptversammlung vom 03.09.2021<\/span><\/li><li style=\"font-weight: 400\"><span style=\"font-weight: 400\">Ehrungen<\/span><\/li><li style=\"font-weight: 400\"><span style=\"font-weight: 400\">Berichte des Vorstandes und der Sportwarte<\/span><span style=\"font-weight: 400\">\u00a0<\/span><\/li><li style=\"font-weight: 400\"><span style=\"font-weight: 400\">Kassenbericht und Entlastung des Vorstandes durch die Versammlung<\/span><\/li><li style=\"font-weight: 400\"><span style=\"font-weight: 400\">Wahlen:<\/span><ul><li style=\"font-weight: 400\"><span style=\"font-weight: 400\">1. Vorsitzender*in bisher Stephan Neef<\/span><\/li><li style=\"font-weight: 400\"><span style=\"font-weight: 400\">2. Schriftf\u00fchrer*in bisher Johanna W\u00f6rster<\/span><\/li><li style=\"font-weight: 400\"><span style=\"font-weight: 400\">1. Beisitzer*in bisher Dirk Becker\u00a0<\/span><\/li><li style=\"font-weight: 400\"><span style=\"font-weight: 400\">2. Beisitzer*in bisher Sabrina Br\u00fcning\u00a0<\/span><\/li><li style=\"font-weight: 400\"><span style=\"font-weight: 400\">Sportwart*in Alpin bisher Benjamin W\u00f6rster<\/span><\/li><li style=\"font-weight: 400\"><span style=\"font-weight: 400\">Kassenpr\u00fcfer*in Sigrid Pschera scheidet turnusm\u00e4\u00dfig aus<\/span><\/li><\/ul><\/li><li style=\"font-weight: 400\"><span style=\"font-weight: 400\">Vereinsjubil\u00e4um<\/span><\/li><li style=\"font-weight: 400\"><span style=\"font-weight: 400\">Termine<\/span><\/li><li style=\"font-weight: 400\"><span style=\"font-weight: 400\">Verschiedenes\u00a0<\/span>und Mitgliederantr\u00e4ge<\/li><\/ol>\t\t\t\t\t\t<\/div>\n\t\t\t\t<\/div>\n\t\t\t\t\t<\/div>\n\t\t<\/div>\n\t\t\t\t\t<\/div>\n\t\t<\/section>\n\t\t\t\t<section class=\"elementor-section elementor-top-section elementor-element elementor-element-0ac463c elementor-section-boxed elementor-section-height-default elementor-section-height-default\" data-id=\"0ac463c\" data-element_type=\"section\">\n\t\t\t\t\t\t<div class=\"elementor-container elementor-column-gap-default\">\n\t\t\t\t\t<div class=\"elementor-column elementor-col-100 elementor-top-column elementor-element elementor-element-1e0b8f0\" data-id=\"1e0b8f0\" data-element_type=\"column\">\n\t\t\t<div class=\"elementor-widget-wrap elementor-element-populated\">\n\t\t\t\t\t\t<div class=\"elementor-element elementor-element-30f8e53 elementor-widget elementor-widget-text-editor\" data-id=\"30f8e53\" data-element_type=\"widget\" data-widget_type=\"text-editor.default\">\n\t\t\t\t<div class=\"elementor-widget-container\">\n\t\t\t\t\t\t\t<p><span style=\"font-weight: 400\">Antr\u00e4ge an die Versammlung sind bis zum 05.05.2022 schriftlich beim 1.Vorsitzenden oder per E-Mail an info@skiverein-luetzel.de einzureichen.<\/span><\/p><p><a href=\"https:\/\/www.skiverein-luetzel.de\/wp-content\/uploads\/2022\/04\/JHV-Einladung-2022-Skiverein.pdf\">\u2014 Die Einladung kann hier noch als PDF heruntergeladen werden. \u2014<\/a><\/p>\t\t\t\t\t\t<\/div>\n\t\t\t\t<\/div>\n\t\t\t\t\t<\/div>\n\t\t<\/div>\n\t\t\t\t\t<\/div>\n\t\t<\/section>\n\t\t\t\t<section class=\"elementor-section elementor-top-section elementor-element elementor-element-ab5d061 elementor-section-boxed elementor-section-height-default elementor-section-height-default\" data-id=\"ab5d061\" data-element_type=\"section\">\n\t\t\t\t\t\t<div class=\"elementor-container elementor-column-gap-default\">\n\t\t\t\t\t<div class=\"elementor-column elementor-col-100 elementor-top-column elementor-element elementor-element-77b3f18\" data-id=\"77b3f18\" data-element_type=\"column\">\n\t\t\t<div class=\"elementor-widget-wrap elementor-element-populated\">\n\t\t\t\t\t\t<section class=\"elementor-section elementor-inner-section elementor-element elementor-element-de9e000 elementor-section-boxed elementor-section-height-default elementor-section-height-default\" data-id=\"de9e000\" data-element_type=\"section\">\n\t\t\t\t\t\t<div class=\"elementor-container elementor-column-gap-default\">\n\t\t\t\t\t<div class=\"elementor-column elementor-col-50 elementor-inner-column elementor-element elementor-element-ade0720\" data-id=\"ade0720\" data-element_type=\"column\">\n\t\t\t<div class=\"elementor-widget-wrap elementor-element-populated\">\n\t\t\t\t\t\t<div class=\"elementor-element elementor-element-1dd427f elementor-widget elementor-widget-text-editor\" data-id=\"1dd427f\" data-element_type=\"widget\" data-widget_type=\"text-editor.default\">\n\t\t\t\t<div class=\"elementor-widget-container\">\n\t\t\t\t\t\t\t<p><span style=\"font-weight: 400\">Wir freuen uns auf einen produktiven und geselligen Abend.<\/span><\/p>\n<p><span style=\"font-weight: 400\">Sportliche Gr\u00fc\u00dfe<\/span><\/p>\n<p><span style=\"font-weight: 400\">Euer Vorstand<\/span><\/p>\t\t\t\t\t\t<\/div>\n\t\t\t\t<\/div>\n\t\t\t\t\t<\/div>\n\t\t<\/div>\n\t\t\t\t<div class=\"elementor-column elementor-col-50 elementor-inner-column elementor-element elementor-element-d7796d4\" data-id=\"d7796d4\" data-element_type=\"column\">\n\t\t\t<div class=\"elementor-widget-wrap elementor-element-populated\">\n\t\t\t\t\t\t<div class=\"elementor-element elementor-element-0d6ce28 elementor-widget elementor-widget-image\" data-id=\"0d6ce28\" data-element_type=\"widget\" data-widget_type=\"image.default\">\n\t\t\t\t<div class=\"elementor-widget-container\">\n\t\t\t\t\t\t\t\t\t\t\t\t\t<img decoding=\"async\" width=\"160\" height=\"176\" src=\"https:\/\/www.skiverein-luetzel.de\/wp-content\/uploads\/2020\/11\/cropped-LogoWinterKlein.png\" class=\"attachment-medium_large size-medium_large wp-image-893\" alt=\"\" \/>\t\t\t\t\t\t\t\t\t\t\t\t\t<\/div>\n\t\t\t\t<\/div>\n\t\t\t\t\t<\/div>\n\t\t<\/div>\n\t\t\t\t\t<\/div>\n\t\t<\/section>\n\t\t\t\t\t<\/div>\n\t\t<\/div>\n\t\t\t\t\t<\/div>\n\t\t<\/section>\n\t\t\t\t<\/div>\n\t\t","protected":false},"excerpt":{"rendered":"<p>Einladung zur Jahreshauptversammlung 2022 &#8212;\u00a0 Update 07.07.2022 &#8212;\u00a0 Hier findet Ihr das Protokoll zur Jahreshauptversammlung 2022\u00a0 Liebe Vereinsmitglieder, unsere diesj\u00e4hrige<\/p>\n","protected":false},"author":26,"featured_media":2277,"comment_status":"closed","ping_status":"open","sticky":false,"template":"","format":"standard","meta":{"footnotes":""},"categories":[6],"tags":[],"class_list":["post-2260","post","type-post","status-publish","format-standard","has-post-thumbnail","hentry","category-aktuelles"],"_links":{"self":[{"href":"https:\/\/www.skiverein-luetzel.de\/index.php?rest_route=\/wp\/v2\/posts\/2260","targetHints":{"allow":["GET"]}}],"collection":[{"href":"https:\/\/www.skiverein-luetzel.de\/index.php?rest_route=\/wp\/v2\/posts"}],"about":[{"href":"https:\/\/www.skiverein-luetzel.de\/index.php?rest_route=\/wp\/v2\/types\/post"}],"author":[{"embeddable":true,"href":"https:\/\/www.skiverein-luetzel.de\/index.php?rest_route=\/wp\/v2\/users\/26"}],"replies":[{"embeddable":true,"href":"https:\/\/www.skiverein-luetzel.de\/index.php?rest_route=%2Fwp%2Fv2%2Fcomments&post=2260"}],"version-history":[{"count":0,"href":"https:\/\/www.skiverein-luetzel.de\/index.php?rest_route=\/wp\/v2\/posts\/2260\/revisions"}],"wp:featuredmedia":[{"embeddable":true,"href":"https:\/\/www.skiverein-luetzel.de\/index.php?rest_route=\/wp\/v2\/media\/2277"}],"wp:attachment":[{"href":"https:\/\/www.skiverein-luetzel.de\/index.php?rest_route=%2Fwp%2Fv2%2Fmedia&parent=2260"}],"wp:term":[{"taxonomy":"category","embeddable":true,"href":"https:\/\/www.skiverein-luetzel.de\/index.php?rest_route=%2Fwp%2Fv2%2Fcategories&post=2260"},{"taxonomy":"post_tag","embeddable":true,"href":"https:\/\/www.skiverein-luetzel.de\/index.php?rest_route=%2Fwp%2Fv2%2Ftags&post=2260"}],"curies":[{"name":"wp","href":"https:\/\/api.w.org\/{rel}","templated":true}]}}